{"id":49379,"date":"2019-04-16T20:10:04","date_gmt":"2019-04-16T18:10:04","guid":{"rendered":"https:\/\/www.suedamerikafans.de\/aquaristik-fachmagazin-april-mai-2019-wels-presseschau\/"},"modified":"2019-07-30T21:01:39","modified_gmt":"2019-07-30T19:01:39","slug":"aquaristik-fachmagazin-april-mai-2019-wels-presseschau","status":"publish","type":"post","link":"https:\/\/www.suedamerikafans.de\/pt-br\/aquaristik-fachmagazin-april-mai-2019-wels-presseschau\/","title":{"rendered":"Aquaristik Fachmagazin April \/ Mai 2019 \u2013 \u201cWels-Presseschau\u201d"},"content":{"rendered":"<p>Hallo liebe Welsfreunde,<\/p>\n<p>ich m\u00f6chte Euch auf zwei welsige Artikel in der aktuellen Ausgabe des Aquaristik Fachmagazin aufmerksam machen:<\/p>\n<h2>Ingo Seidel &#8220;Welswelten &#8211; Wissenswertes, Neues und Ungew\u00f6hnliches&#8221;<\/h2>\n<p>Ingo informiert \u00fcber die Arbeit von <a href=\"https:\/\/www.researchgate.net\/publication\/330922910_Review_of_Ancistrus_Siluriformes_Loricariidae_from_the_northwestern_Guiana_Shield_Orinoco_Andes_and_adjacent_basins_with_description_of_six_new_species\" rel=\"noopener noreferrer\" target=\"_blank\">Souza, L.S. de; Taphorn, D.C. &#038; Armbruster, J.W. &#8220;Review of Ancistrus (Siluriformes: Loricariidae) from the northwestern Guiana Shield, Orinoco Andes, and adjacent basins with description of six new species&#8221; (Zootaxa, Vol. 4552 No. 1)<\/a>. In dieser wurden die Arten<\/p>\n<ul>\n<li><a href=\"https:\/\/www.suedamerikafans.de\/wels-datenbank\/welsart\/?art=2648\" rel=\"noopener noreferrer\" target=\"_blank\"><em>Ancistrus amaris<\/em><\/a><\/li>\n<li><a href=\"https:\/\/www.suedamerikafans.de\/wels-datenbank\/welsart\/?art=2649\" rel=\"noopener noreferrer\" target=\"_blank\"><em>Ancistrus kellnerae<\/em><\/a><\/li>\n<li><a href=\"https:\/\/www.suedamerikafans.de\/wels-datenbank\/welsart\/?art=2650\" rel=\"noopener noreferrer\" target=\"_blank\"><em>Ancistrus leoni<\/em><\/a><\/li>\n<li><a href=\"https:\/\/www.suedamerikafans.de\/wels-datenbank\/welsart\/?art=2651\" rel=\"noopener noreferrer\" target=\"_blank\"><em>Ancistrus patronus<\/em><\/a><\/li>\n<li><a href=\"https:\/\/www.suedamerikafans.de\/wels-datenbank\/welsart\/?art=2652\" rel=\"noopener noreferrer\" target=\"_blank\"><em>Ancistrus saudades<\/em><\/a><\/li>\n<li><a href=\"https:\/\/www.suedamerikafans.de\/wels-datenbank\/welsart\/?art=2653\" rel=\"noopener noreferrer\" target=\"_blank\"><em>Ancistrus yutajae<\/em><\/a><\/li>\n<\/ul>\n<p>beschrieben. Die f\u00fcr ihn interessanteste Neubeschreibung ist die von <em>Ancistrus patronus<\/em>, von dem einigen Paratypen von dem Ort (Pozo Azul) beschrieben wurden, an dem Ingo 1992 den so genannten <em>Ancistrus<\/em> sp. &#8220;Puerto Ayacucho&#8221; beobachten und fangen konnte.<br \/>\nDar\u00fcber hinaus wurden <em>Ancistrus<\/em> sp. &#8220;LDA 74&#8221; als <a href=\"https:\/\/www.suedamerikafans.de\/wels-datenbank\/welsart\/?art=85\" rel=\"noopener noreferrer\" target=\"_blank\"><em>Ancistrus macrophthalmus<\/em><\/a> und <em>Ancistrus<\/em> sp. &#8220;L 304&#8221; als <a href=\"https:\/\/www.suedamerikafans.de\/wels-datenbank\/welsart\/?art=395\" rel=\"noopener noreferrer\" target=\"_blank\"><em>Ancistrus nudiceps<\/em><\/a> best\u00e4tigt. Die Pr\u00e4sentation von <a href=\"https:\/\/www.suedamerikafans.de\/wels-datenbank\/welsart\/?art=507\" rel=\"noopener noreferrer\" target=\"_blank\"><em>Ancistrus leucostictus<\/em><\/a> wirft aber (nicht nur) bei Ingo Fragen auf, das dieser der urspr\u00fcnglichen Beschreibung \u00fcberhaupt nicht entspricht. Das Problem liegt sicherlich darin, dass der Holotyp irgendwann vertauscht worden sein muss. Aber solange keiner das beweisen kann &#8230; spielt es wohl keine Rolle, dass der pr\u00e4sentierte Wels gro\u00dfe helle Flecken hat, statt wie in der <a href=\"https:\/\/biodiversitylibrary.org\/page\/8405035\" rel=\"noopener noreferrer\" target=\"_blank\">Erstbeschreibung von Dr. Albert G\u00fcnther\u200b<\/a> &#8220;Black: pure white dots are scattered over the whole body and over all fins&#8221;.<\/p>\n<h2>Erik Schiller &#8220;Die unverhoffte Zucht des seltenen kleinen Corydoras gracilis&#8221;<\/h2>\n<p>Erik berichtet \u00fcber <em>Corydoras gracilis<\/em>, der seit 2009 in der IUNC Red List als LC (Least Concern = nicht gef\u00e4hrdet) aufgef\u00fchrt wird. Die Typuslokalit\u00e4t wurde in der Erstbeschreibung falsch angegeben und sp\u00e4ter zu rio Jauna (rio Juma) im rio Aripuana-Einzug korrigiert. Mit ca. 4 cm bleibt die Art relativ klein.<br \/>\nBei Erik vermehrte sich eine Gruppe dieser Art etwas unerwartet. Er hatte sie zusammen mit <em>Dianema urostriatum<\/em> in einem Aquarium. Um die Schwielenwelse zu stimulieren senke er die Temperatur von 26 \u00b0C auf 23 \u00b0C. Das Wasser wechselte Erik dann regelm\u00e4\u00dfig mit einem Anteil von ca. 50% Regenwasser. Gegen Laichverpilzung gab er einen Erlenzapfen-Sud bei.<\/p>\n<p>Viel Spa\u00df beim Lesen des Aquaristik Fachmagazins.<\/p>\n","protected":false},"excerpt":{"rendered":"<p>Hallo liebe Welsfreunde, ich m\u00f6chte Euch auf zwei welsige Artikel in der aktuellen Ausgabe des Aquaristik Fachmagazin aufmerksam machen: Ingo [&hellip;]<\/p>\n","protected":false},"author":1,"featured_media":0,"comment_status":"closed","ping_status":"closed","sticky":false,"template":"","format":"standard","meta":{"om_disable_all_campaigns":false,"_monsterinsights_skip_tracking":false,"_monsterinsights_sitenote_active":false,"_monsterinsights_sitenote_note":"","_monsterinsights_sitenote_category":0,"ngg_post_thumbnail":0,"footnotes":""},"categories":[5488,5237],"tags":[6680,6681,6682,6683,6684,6685,6686,6687,6688,6689,6690,6691,6482,6692],"class_list":["post-49379","post","type-post","status-publish","format-standard","hentry","category-aquaristik-fachmagazin-pt-br","category-wels-presseschau-pt-br","tag-ancistrus-amaris-pt-br","tag-ancistrus-kellnerae-pt-br","tag-ancistrus-leoni-pt-br","tag-ancistrus-leucostictus-pt-br","tag-ancistrus-macrophthalmus-pt-br","tag-ancistrus-patronus-pt-br","tag-ancistrus-saudades-pt-br","tag-ancistrus-sp-l-304-pt-br","tag-ancistrus-sp-lda-74-pt-br","tag-ancistrus-sp-puerto-ayacucho-pt-br","tag-ancistrus-yutajae-pt-br","tag-ancisturs-nudiceps-pt-br","tag-corydoras-gracilis-pt-br","tag-dianema-urostriatum-pt-br"],"yoast_head":"<!-- This site is optimized with the Yoast SEO plugin v27.3 - https:\/\/yoast.com\/product\/yoast-seo-wordpress\/ -->\n<title>Aquaristik Fachmagazin April \/ Mai 2019 \u2013 \u201cWels-Presseschau\u201d - S&uuml;damerikafans<\/title>\n<meta name=\"robots\" content=\"index, follow, max-snippet:-1, max-image-preview:large, max-video-preview:-1\" \/>\n<link rel=\"canonical\" href=\"https:\/\/www.suedamerikafans.de\/pt-br\/aquaristik-fachmagazin-april-mai-2019-wels-presseschau\/\" \/>\n<meta property=\"og:locale\" content=\"pt_BR\" \/>\n<meta property=\"og:type\" content=\"article\" \/>\n<meta property=\"og:title\" content=\"Aquaristik Fachmagazin April \/ Mai 2019 \u2013 \u201cWels-Presseschau\u201d - S&uuml;damerikafans\" \/>\n<meta property=\"og:description\" content=\"Hallo liebe Welsfreunde, ich m\u00f6chte Euch auf zwei welsige Artikel in der aktuellen Ausgabe des Aquaristik Fachmagazin aufmerksam machen: Ingo [&hellip;]\" \/>\n<meta property=\"og:url\" content=\"https:\/\/www.suedamerikafans.de\/pt-br\/aquaristik-fachmagazin-april-mai-2019-wels-presseschau\/\" \/>\n<meta property=\"og:site_name\" content=\"F\u00e3ns da Am\u00e9rica do Sul\" \/>\n<meta property=\"article:published_time\" content=\"2019-04-16T18:10:04+00:00\" \/>\n<meta property=\"article:modified_time\" content=\"2019-07-30T19:01:39+00:00\" \/>\n<meta name=\"author\" content=\"elko\" \/>\n<meta name=\"twitter:card\" content=\"summary_large_image\" \/>\n<meta name=\"twitter:label1\" content=\"Escrito por\" \/>\n\t<meta name=\"twitter:data1\" content=\"elko\" \/>\n\t<meta name=\"twitter:label2\" content=\"Est. tempo de leitura\" \/>\n\t<meta name=\"twitter:data2\" content=\"2 minutos\" \/>\n<script type=\"application\/ld+json\" class=\"yoast-schema-graph\">{\"@context\":\"https:\\\/\\\/schema.org\",\"@graph\":[{\"@type\":\"Article\",\"@id\":\"https:\\\/\\\/www.suedamerikafans.de\\\/pt-br\\\/aquaristik-fachmagazin-april-mai-2019-wels-presseschau\\\/#article\",\"isPartOf\":{\"@id\":\"https:\\\/\\\/www.suedamerikafans.de\\\/pt-br\\\/aquaristik-fachmagazin-april-mai-2019-wels-presseschau\\\/\"},\"author\":{\"name\":\"elko\",\"@id\":\"https:\\\/\\\/www.suedamerikafans.de\\\/pt-br\\\/#\\\/schema\\\/person\\\/a12b5fd2644a8b700e5f1c1c6afc2e43\"},\"headline\":\"Aquaristik Fachmagazin April \\\/ Mai 2019 \u2013 \u201cWels-Presseschau\u201d\",\"datePublished\":\"2019-04-16T18:10:04+00:00\",\"dateModified\":\"2019-07-30T19:01:39+00:00\",\"mainEntityOfPage\":{\"@id\":\"https:\\\/\\\/www.suedamerikafans.de\\\/pt-br\\\/aquaristik-fachmagazin-april-mai-2019-wels-presseschau\\\/\"},\"wordCount\":349,\"publisher\":{\"@id\":\"https:\\\/\\\/www.suedamerikafans.de\\\/pt-br\\\/#\\\/schema\\\/person\\\/a12b5fd2644a8b700e5f1c1c6afc2e43\"},\"keywords\":[\"Ancistrus amaris\",\"Ancistrus kellnerae\",\"Ancistrus leoni\",\"Ancistrus leucostictus\",\"Ancistrus macrophthalmus\",\"Ancistrus patronus\",\"Ancistrus saudades\",\"Ancistrus sp. &#8222;L 304&#8220;\",\"Ancistrus sp. &#8222;LDA 74&#8220;\",\"Ancistrus sp. &#8222;Puerto Ayacucho&#8220;\",\"Ancistrus yutajae\",\"Ancisturs nudiceps\",\"Corydoras gracilis\",\"Dianema urostriatum\"],\"articleSection\":[\"Aquaristik Fachmagazin\",\"revis\u00e3o de imprensa de Siluros\"],\"inLanguage\":\"pt-BR\"},{\"@type\":\"WebPage\",\"@id\":\"https:\\\/\\\/www.suedamerikafans.de\\\/pt-br\\\/aquaristik-fachmagazin-april-mai-2019-wels-presseschau\\\/\",\"url\":\"https:\\\/\\\/www.suedamerikafans.de\\\/pt-br\\\/aquaristik-fachmagazin-april-mai-2019-wels-presseschau\\\/\",\"name\":\"Aquaristik Fachmagazin April \\\/ Mai 2019 \u2013 \u201cWels-Presseschau\u201d -\",\"isPartOf\":{\"@id\":\"https:\\\/\\\/www.suedamerikafans.de\\\/pt-br\\\/#website\"},\"datePublished\":\"2019-04-16T18:10:04+00:00\",\"dateModified\":\"2019-07-30T19:01:39+00:00\",\"breadcrumb\":{\"@id\":\"https:\\\/\\\/www.suedamerikafans.de\\\/pt-br\\\/aquaristik-fachmagazin-april-mai-2019-wels-presseschau\\\/#breadcrumb\"},\"inLanguage\":\"pt-BR\",\"potentialAction\":[{\"@type\":\"ReadAction\",\"target\":[\"https:\\\/\\\/www.suedamerikafans.de\\\/pt-br\\\/aquaristik-fachmagazin-april-mai-2019-wels-presseschau\\\/\"]}]},{\"@type\":\"BreadcrumbList\",\"@id\":\"https:\\\/\\\/www.suedamerikafans.de\\\/pt-br\\\/aquaristik-fachmagazin-april-mai-2019-wels-presseschau\\\/#breadcrumb\",\"itemListElement\":[{\"@type\":\"ListItem\",\"position\":1,\"name\":\"Startseite\",\"item\":\"https:\\\/\\\/www.suedamerikafans.de\\\/pt-br\\\/\"},{\"@type\":\"ListItem\",\"position\":2,\"name\":\"Aquaristik Fachmagazin April \\\/ Mai 2019 \u2013 \u201cWels-Presseschau\u201d\"}]},{\"@type\":\"WebSite\",\"@id\":\"https:\\\/\\\/www.suedamerikafans.de\\\/pt-br\\\/#website\",\"url\":\"https:\\\/\\\/www.suedamerikafans.de\\\/pt-br\\\/\",\"name\":\"S\u00fcdamerikafans\",\"description\":\"... e f\u00e3s de peixe-gato\",\"publisher\":{\"@id\":\"https:\\\/\\\/www.suedamerikafans.de\\\/pt-br\\\/#\\\/schema\\\/person\\\/a12b5fd2644a8b700e5f1c1c6afc2e43\"},\"potentialAction\":[{\"@type\":\"SearchAction\",\"target\":{\"@type\":\"EntryPoint\",\"urlTemplate\":\"https:\\\/\\\/www.suedamerikafans.de\\\/pt-br\\\/?s={search_term_string}\"},\"query-input\":{\"@type\":\"PropertyValueSpecification\",\"valueRequired\":true,\"valueName\":\"search_term_string\"}}],\"inLanguage\":\"pt-BR\"},{\"@type\":[\"Person\",\"Organization\"],\"@id\":\"https:\\\/\\\/www.suedamerikafans.de\\\/pt-br\\\/#\\\/schema\\\/person\\\/a12b5fd2644a8b700e5f1c1c6afc2e43\",\"name\":\"elko\",\"image\":{\"@type\":\"ImageObject\",\"inLanguage\":\"pt-BR\",\"@id\":\"https:\\\/\\\/www.suedamerikafans.de\\\/wp-content\\\/uploads\\\/2014\\\/08\\\/l163-600.jpg\",\"url\":\"https:\\\/\\\/www.suedamerikafans.de\\\/wp-content\\\/uploads\\\/2014\\\/08\\\/l163-600.jpg\",\"contentUrl\":\"https:\\\/\\\/www.suedamerikafans.de\\\/wp-content\\\/uploads\\\/2014\\\/08\\\/l163-600.jpg\",\"width\":1,\"height\":1,\"caption\":\"elko\"},\"logo\":{\"@id\":\"https:\\\/\\\/www.suedamerikafans.de\\\/wp-content\\\/uploads\\\/2014\\\/08\\\/l163-600.jpg\"}}]}<\/script>\n<!-- \/ Yoast SEO plugin. -->","yoast_head_json":{"title":"Aquaristik Fachmagazin April \/ Mai 2019 \u2013 \u201cWels-Presseschau\u201d - S&uuml;damerikafans","robots":{"index":"index","follow":"follow","max-snippet":"max-snippet:-1","max-image-preview":"max-image-preview:large","max-video-preview":"max-video-preview:-1"},"canonical":"https:\/\/www.suedamerikafans.de\/pt-br\/aquaristik-fachmagazin-april-mai-2019-wels-presseschau\/","og_locale":"pt_BR","og_type":"article","og_title":"Aquaristik Fachmagazin April \/ Mai 2019 \u2013 \u201cWels-Presseschau\u201d - S&uuml;damerikafans","og_description":"Hallo liebe Welsfreunde, ich m\u00f6chte Euch auf zwei welsige Artikel in der aktuellen Ausgabe des Aquaristik Fachmagazin aufmerksam machen: Ingo [&hellip;]","og_url":"https:\/\/www.suedamerikafans.de\/pt-br\/aquaristik-fachmagazin-april-mai-2019-wels-presseschau\/","og_site_name":"F\u00e3ns da Am\u00e9rica do Sul","article_published_time":"2019-04-16T18:10:04+00:00","article_modified_time":"2019-07-30T19:01:39+00:00","author":"elko","twitter_card":"summary_large_image","twitter_misc":{"Escrito por":"elko","Est. tempo de leitura":"2 minutos"},"schema":{"@context":"https:\/\/schema.org","@graph":[{"@type":"Article","@id":"https:\/\/www.suedamerikafans.de\/pt-br\/aquaristik-fachmagazin-april-mai-2019-wels-presseschau\/#article","isPartOf":{"@id":"https:\/\/www.suedamerikafans.de\/pt-br\/aquaristik-fachmagazin-april-mai-2019-wels-presseschau\/"},"author":{"name":"elko","@id":"https:\/\/www.suedamerikafans.de\/pt-br\/#\/schema\/person\/a12b5fd2644a8b700e5f1c1c6afc2e43"},"headline":"Aquaristik Fachmagazin April \/ Mai 2019 \u2013 \u201cWels-Presseschau\u201d","datePublished":"2019-04-16T18:10:04+00:00","dateModified":"2019-07-30T19:01:39+00:00","mainEntityOfPage":{"@id":"https:\/\/www.suedamerikafans.de\/pt-br\/aquaristik-fachmagazin-april-mai-2019-wels-presseschau\/"},"wordCount":349,"publisher":{"@id":"https:\/\/www.suedamerikafans.de\/pt-br\/#\/schema\/person\/a12b5fd2644a8b700e5f1c1c6afc2e43"},"keywords":["Ancistrus amaris","Ancistrus kellnerae","Ancistrus leoni","Ancistrus leucostictus","Ancistrus macrophthalmus","Ancistrus patronus","Ancistrus saudades","Ancistrus sp. &#8222;L 304&#8220;","Ancistrus sp. &#8222;LDA 74&#8220;","Ancistrus sp. &#8222;Puerto Ayacucho&#8220;","Ancistrus yutajae","Ancisturs nudiceps","Corydoras gracilis","Dianema urostriatum"],"articleSection":["Aquaristik Fachmagazin","revis\u00e3o de imprensa de Siluros"],"inLanguage":"pt-BR"},{"@type":"WebPage","@id":"https:\/\/www.suedamerikafans.de\/pt-br\/aquaristik-fachmagazin-april-mai-2019-wels-presseschau\/","url":"https:\/\/www.suedamerikafans.de\/pt-br\/aquaristik-fachmagazin-april-mai-2019-wels-presseschau\/","name":"Aquaristik Fachmagazin April \/ Mai 2019 \u2013 \u201cWels-Presseschau\u201d -","isPartOf":{"@id":"https:\/\/www.suedamerikafans.de\/pt-br\/#website"},"datePublished":"2019-04-16T18:10:04+00:00","dateModified":"2019-07-30T19:01:39+00:00","breadcrumb":{"@id":"https:\/\/www.suedamerikafans.de\/pt-br\/aquaristik-fachmagazin-april-mai-2019-wels-presseschau\/#breadcrumb"},"inLanguage":"pt-BR","potentialAction":[{"@type":"ReadAction","target":["https:\/\/www.suedamerikafans.de\/pt-br\/aquaristik-fachmagazin-april-mai-2019-wels-presseschau\/"]}]},{"@type":"BreadcrumbList","@id":"https:\/\/www.suedamerikafans.de\/pt-br\/aquaristik-fachmagazin-april-mai-2019-wels-presseschau\/#breadcrumb","itemListElement":[{"@type":"ListItem","position":1,"name":"Startseite","item":"https:\/\/www.suedamerikafans.de\/pt-br\/"},{"@type":"ListItem","position":2,"name":"Aquaristik Fachmagazin April \/ Mai 2019 \u2013 \u201cWels-Presseschau\u201d"}]},{"@type":"WebSite","@id":"https:\/\/www.suedamerikafans.de\/pt-br\/#website","url":"https:\/\/www.suedamerikafans.de\/pt-br\/","name":"S\u00fcdamerikafans","description":"... e f\u00e3s de peixe-gato","publisher":{"@id":"https:\/\/www.suedamerikafans.de\/pt-br\/#\/schema\/person\/a12b5fd2644a8b700e5f1c1c6afc2e43"},"potentialAction":[{"@type":"SearchAction","target":{"@type":"EntryPoint","urlTemplate":"https:\/\/www.suedamerikafans.de\/pt-br\/?s={search_term_string}"},"query-input":{"@type":"PropertyValueSpecification","valueRequired":true,"valueName":"search_term_string"}}],"inLanguage":"pt-BR"},{"@type":["Person","Organization"],"@id":"https:\/\/www.suedamerikafans.de\/pt-br\/#\/schema\/person\/a12b5fd2644a8b700e5f1c1c6afc2e43","name":"elko","image":{"@type":"ImageObject","inLanguage":"pt-BR","@id":"https:\/\/www.suedamerikafans.de\/wp-content\/uploads\/2014\/08\/l163-600.jpg","url":"https:\/\/www.suedamerikafans.de\/wp-content\/uploads\/2014\/08\/l163-600.jpg","contentUrl":"https:\/\/www.suedamerikafans.de\/wp-content\/uploads\/2014\/08\/l163-600.jpg","width":1,"height":1,"caption":"elko"},"logo":{"@id":"https:\/\/www.suedamerikafans.de\/wp-content\/uploads\/2014\/08\/l163-600.jpg"}}]}},"_links":{"self":[{"href":"https:\/\/www.suedamerikafans.de\/pt-br\/wp-json\/wp\/v2\/posts\/49379","targetHints":{"allow":["GET"]}}],"collection":[{"href":"https:\/\/www.suedamerikafans.de\/pt-br\/wp-json\/wp\/v2\/posts"}],"about":[{"href":"https:\/\/www.suedamerikafans.de\/pt-br\/wp-json\/wp\/v2\/types\/post"}],"author":[{"embeddable":true,"href":"https:\/\/www.suedamerikafans.de\/pt-br\/wp-json\/wp\/v2\/users\/1"}],"replies":[{"embeddable":true,"href":"https:\/\/www.suedamerikafans.de\/pt-br\/wp-json\/wp\/v2\/comments?post=49379"}],"version-history":[{"count":0,"href":"https:\/\/www.suedamerikafans.de\/pt-br\/wp-json\/wp\/v2\/posts\/49379\/revisions"}],"wp:attachment":[{"href":"https:\/\/www.suedamerikafans.de\/pt-br\/wp-json\/wp\/v2\/media?parent=49379"}],"wp:term":[{"taxonomy":"category","embeddable":true,"href":"https:\/\/www.suedamerikafans.de\/pt-br\/wp-json\/wp\/v2\/categories?post=49379"},{"taxonomy":"post_tag","embeddable":true,"href":"https:\/\/www.suedamerikafans.de\/pt-br\/wp-json\/wp\/v2\/tags?post=49379"}],"curies":[{"name":"wp","href":"https:\/\/api.w.org\/{rel}","templated":true}]}}