{"id":51597,"date":"2020-07-31T17:29:12","date_gmt":"2020-07-31T15:29:12","guid":{"rendered":"https:\/\/www.suedamerikafans.de\/aquaristik-fachmagazin-august-september-2020-wels-presseschau\/"},"modified":"2020-07-31T17:29:12","modified_gmt":"2020-07-31T15:29:12","slug":"aquaristik-fachmagazin-august-september-2020-wels-presseschau","status":"publish","type":"post","link":"https:\/\/www.suedamerikafans.de\/es\/aquaristik-fachmagazin-august-september-2020-wels-presseschau\/","title":{"rendered":"Aquaristik Fachmagazin August \/ September 2020 \u2013 \u201cWels-Presseschau\u201d"},"content":{"rendered":"<p>Hallo liebe Welsfreunde,<\/p>\n<p>ich m\u00f6chte Euch auf einen Artikel im Aquaristik Fachmagazin aufmerksam machen:<\/p>\n<h2>Ingo Seidel \u00abWelswelten &#8211; Corydoras incolicana\u00bb<\/h2>\n<p>Wie Ingo berichtet konnten nach vielen Jahren wieder <em>Corydoras incolicana<\/em> importiert werden. Diese Art erhielt 1993 in der DATZ als erster <em>Corydoras<\/em> eine Codenummer &#8211; C1 und wurde schon wenig sp\u00e4ter beschrieben. Die Art stammt aus dem rio I\u00e7ana, einem Klarwasserzufluss des oberen rio Negro. Wie Ingo schreibt ist es eine au\u00dfergew\u00f6hnliche Art, die bis ca. 9 cm gro\u00df wird. Sie geh\u00f6rt in die Abstammungslinie 8b.<\/p>\n<p>Viel Spa\u00df beim Lesen des Aquaristik Fachmagazin<\/p>\n","protected":false},"excerpt":{"rendered":"<p>Hallo liebe Welsfreunde, ich m\u00f6chte Euch auf einen Artikel im Aquaristik Fachmagazin aufmerksam machen: Ingo Seidel \u00abWelswelten &#8211; Corydoras incolicana\u00bb [&hellip;]<\/p>\n","protected":false},"author":1,"featured_media":0,"comment_status":"closed","ping_status":"closed","sticky":false,"template":"","format":"standard","meta":{"om_disable_all_campaigns":false,"_monsterinsights_skip_tracking":false,"_monsterinsights_sitenote_active":false,"_monsterinsights_sitenote_note":"","_monsterinsights_sitenote_category":0,"ngg_post_thumbnail":0,"footnotes":""},"categories":[74,70],"tags":[7671,7672],"class_list":["post-51597","post","type-post","status-publish","format-standard","hentry","category-aquaristik-fachmagazin-es","category-revista-de-prensa-sobre-loricaridos","tag-corydoras-incolicana-es","tag-corydoras-sp-c-1-es"],"yoast_head":"<!-- This site is optimized with the Yoast SEO plugin v27.3 - https:\/\/yoast.com\/product\/yoast-seo-wordpress\/ -->\n<title>Aquaristik Fachmagazin August \/ September 2020 \u2013 \u201cWels-Presseschau\u201d - S&uuml;damerikafans<\/title>\n<meta name=\"robots\" content=\"index, follow, max-snippet:-1, max-image-preview:large, max-video-preview:-1\" \/>\n<link rel=\"canonical\" href=\"https:\/\/www.suedamerikafans.de\/es\/aquaristik-fachmagazin-august-september-2020-wels-presseschau\/\" \/>\n<meta property=\"og:locale\" content=\"es_ES\" \/>\n<meta property=\"og:type\" content=\"article\" \/>\n<meta property=\"og:title\" content=\"Aquaristik Fachmagazin August \/ September 2020 \u2013 \u201cWels-Presseschau\u201d - S&uuml;damerikafans\" \/>\n<meta property=\"og:description\" content=\"Hallo liebe Welsfreunde, ich m\u00f6chte Euch auf einen Artikel im Aquaristik Fachmagazin aufmerksam machen: Ingo Seidel \u00abWelswelten &#8211; Corydoras incolicana\u00bb [&hellip;]\" \/>\n<meta property=\"og:url\" content=\"https:\/\/www.suedamerikafans.de\/es\/aquaristik-fachmagazin-august-september-2020-wels-presseschau\/\" \/>\n<meta property=\"og:site_name\" content=\"Fans de Am\u00e9rica del Sur\" \/>\n<meta property=\"article:published_time\" content=\"2020-07-31T15:29:12+00:00\" \/>\n<meta name=\"author\" content=\"elko\" \/>\n<meta name=\"twitter:card\" content=\"summary_large_image\" \/>\n<meta name=\"twitter:label1\" content=\"Escrito por\" \/>\n\t<meta name=\"twitter:data1\" content=\"elko\" \/>\n<script type=\"application\/ld+json\" class=\"yoast-schema-graph\">{\"@context\":\"https:\\\/\\\/schema.org\",\"@graph\":[{\"@type\":\"Article\",\"@id\":\"https:\\\/\\\/www.suedamerikafans.de\\\/es\\\/aquaristik-fachmagazin-august-september-2020-wels-presseschau\\\/#article\",\"isPartOf\":{\"@id\":\"https:\\\/\\\/www.suedamerikafans.de\\\/es\\\/aquaristik-fachmagazin-august-september-2020-wels-presseschau\\\/\"},\"author\":{\"name\":\"elko\",\"@id\":\"https:\\\/\\\/www.suedamerikafans.de\\\/es\\\/#\\\/schema\\\/person\\\/a12b5fd2644a8b700e5f1c1c6afc2e43\"},\"headline\":\"Aquaristik Fachmagazin August \\\/ September 2020 \u2013 \u201cWels-Presseschau\u201d\",\"datePublished\":\"2020-07-31T15:29:12+00:00\",\"mainEntityOfPage\":{\"@id\":\"https:\\\/\\\/www.suedamerikafans.de\\\/es\\\/aquaristik-fachmagazin-august-september-2020-wels-presseschau\\\/\"},\"wordCount\":102,\"publisher\":{\"@id\":\"https:\\\/\\\/www.suedamerikafans.de\\\/es\\\/#\\\/schema\\\/person\\\/a12b5fd2644a8b700e5f1c1c6afc2e43\"},\"keywords\":[\"Corydoras incolicana\",\"Corydoras sp. &#8222;C 1&#8220;\"],\"articleSection\":[\"Aquaristik Fachmagazin\",\"Siluros en las revistas\"],\"inLanguage\":\"es\"},{\"@type\":\"WebPage\",\"@id\":\"https:\\\/\\\/www.suedamerikafans.de\\\/es\\\/aquaristik-fachmagazin-august-september-2020-wels-presseschau\\\/\",\"url\":\"https:\\\/\\\/www.suedamerikafans.de\\\/es\\\/aquaristik-fachmagazin-august-september-2020-wels-presseschau\\\/\",\"name\":\"Aquaristik Fachmagazin August \\\/ September 2020 \u2013 \u201cWels-Presseschau\u201d -\",\"isPartOf\":{\"@id\":\"https:\\\/\\\/www.suedamerikafans.de\\\/es\\\/#website\"},\"datePublished\":\"2020-07-31T15:29:12+00:00\",\"breadcrumb\":{\"@id\":\"https:\\\/\\\/www.suedamerikafans.de\\\/es\\\/aquaristik-fachmagazin-august-september-2020-wels-presseschau\\\/#breadcrumb\"},\"inLanguage\":\"es\",\"potentialAction\":[{\"@type\":\"ReadAction\",\"target\":[\"https:\\\/\\\/www.suedamerikafans.de\\\/es\\\/aquaristik-fachmagazin-august-september-2020-wels-presseschau\\\/\"]}]},{\"@type\":\"BreadcrumbList\",\"@id\":\"https:\\\/\\\/www.suedamerikafans.de\\\/es\\\/aquaristik-fachmagazin-august-september-2020-wels-presseschau\\\/#breadcrumb\",\"itemListElement\":[{\"@type\":\"ListItem\",\"position\":1,\"name\":\"Startseite\",\"item\":\"https:\\\/\\\/www.suedamerikafans.de\\\/es\\\/\"},{\"@type\":\"ListItem\",\"position\":2,\"name\":\"Aquaristik Fachmagazin August \\\/ September 2020 \u2013 \u201cWels-Presseschau\u201d\"}]},{\"@type\":\"WebSite\",\"@id\":\"https:\\\/\\\/www.suedamerikafans.de\\\/es\\\/#website\",\"url\":\"https:\\\/\\\/www.suedamerikafans.de\\\/es\\\/\",\"name\":\"S\u00fcdamerikafans\",\"description\":\"... y fan\u00e1ticos del bagre\",\"publisher\":{\"@id\":\"https:\\\/\\\/www.suedamerikafans.de\\\/es\\\/#\\\/schema\\\/person\\\/a12b5fd2644a8b700e5f1c1c6afc2e43\"},\"potentialAction\":[{\"@type\":\"SearchAction\",\"target\":{\"@type\":\"EntryPoint\",\"urlTemplate\":\"https:\\\/\\\/www.suedamerikafans.de\\\/es\\\/?s={search_term_string}\"},\"query-input\":{\"@type\":\"PropertyValueSpecification\",\"valueRequired\":true,\"valueName\":\"search_term_string\"}}],\"inLanguage\":\"es\"},{\"@type\":[\"Person\",\"Organization\"],\"@id\":\"https:\\\/\\\/www.suedamerikafans.de\\\/es\\\/#\\\/schema\\\/person\\\/a12b5fd2644a8b700e5f1c1c6afc2e43\",\"name\":\"elko\",\"image\":{\"@type\":\"ImageObject\",\"inLanguage\":\"es\",\"@id\":\"https:\\\/\\\/www.suedamerikafans.de\\\/wp-content\\\/uploads\\\/2014\\\/08\\\/l163-600.jpg\",\"url\":\"https:\\\/\\\/www.suedamerikafans.de\\\/wp-content\\\/uploads\\\/2014\\\/08\\\/l163-600.jpg\",\"contentUrl\":\"https:\\\/\\\/www.suedamerikafans.de\\\/wp-content\\\/uploads\\\/2014\\\/08\\\/l163-600.jpg\",\"width\":1,\"height\":1,\"caption\":\"elko\"},\"logo\":{\"@id\":\"https:\\\/\\\/www.suedamerikafans.de\\\/wp-content\\\/uploads\\\/2014\\\/08\\\/l163-600.jpg\"}}]}<\/script>\n<!-- \/ Yoast SEO plugin. -->","yoast_head_json":{"title":"Aquaristik Fachmagazin August \/ September 2020 \u2013 \u201cWels-Presseschau\u201d - S&uuml;damerikafans","robots":{"index":"index","follow":"follow","max-snippet":"max-snippet:-1","max-image-preview":"max-image-preview:large","max-video-preview":"max-video-preview:-1"},"canonical":"https:\/\/www.suedamerikafans.de\/es\/aquaristik-fachmagazin-august-september-2020-wels-presseschau\/","og_locale":"es_ES","og_type":"article","og_title":"Aquaristik Fachmagazin August \/ September 2020 \u2013 \u201cWels-Presseschau\u201d - S&uuml;damerikafans","og_description":"Hallo liebe Welsfreunde, ich m\u00f6chte Euch auf einen Artikel im Aquaristik Fachmagazin aufmerksam machen: Ingo Seidel \u00abWelswelten &#8211; Corydoras incolicana\u00bb [&hellip;]","og_url":"https:\/\/www.suedamerikafans.de\/es\/aquaristik-fachmagazin-august-september-2020-wels-presseschau\/","og_site_name":"Fans de Am\u00e9rica del Sur","article_published_time":"2020-07-31T15:29:12+00:00","author":"elko","twitter_card":"summary_large_image","twitter_misc":{"Escrito por":"elko"},"schema":{"@context":"https:\/\/schema.org","@graph":[{"@type":"Article","@id":"https:\/\/www.suedamerikafans.de\/es\/aquaristik-fachmagazin-august-september-2020-wels-presseschau\/#article","isPartOf":{"@id":"https:\/\/www.suedamerikafans.de\/es\/aquaristik-fachmagazin-august-september-2020-wels-presseschau\/"},"author":{"name":"elko","@id":"https:\/\/www.suedamerikafans.de\/es\/#\/schema\/person\/a12b5fd2644a8b700e5f1c1c6afc2e43"},"headline":"Aquaristik Fachmagazin August \/ September 2020 \u2013 \u201cWels-Presseschau\u201d","datePublished":"2020-07-31T15:29:12+00:00","mainEntityOfPage":{"@id":"https:\/\/www.suedamerikafans.de\/es\/aquaristik-fachmagazin-august-september-2020-wels-presseschau\/"},"wordCount":102,"publisher":{"@id":"https:\/\/www.suedamerikafans.de\/es\/#\/schema\/person\/a12b5fd2644a8b700e5f1c1c6afc2e43"},"keywords":["Corydoras incolicana","Corydoras sp. &#8222;C 1&#8220;"],"articleSection":["Aquaristik Fachmagazin","Siluros en las revistas"],"inLanguage":"es"},{"@type":"WebPage","@id":"https:\/\/www.suedamerikafans.de\/es\/aquaristik-fachmagazin-august-september-2020-wels-presseschau\/","url":"https:\/\/www.suedamerikafans.de\/es\/aquaristik-fachmagazin-august-september-2020-wels-presseschau\/","name":"Aquaristik Fachmagazin August \/ September 2020 \u2013 \u201cWels-Presseschau\u201d -","isPartOf":{"@id":"https:\/\/www.suedamerikafans.de\/es\/#website"},"datePublished":"2020-07-31T15:29:12+00:00","breadcrumb":{"@id":"https:\/\/www.suedamerikafans.de\/es\/aquaristik-fachmagazin-august-september-2020-wels-presseschau\/#breadcrumb"},"inLanguage":"es","potentialAction":[{"@type":"ReadAction","target":["https:\/\/www.suedamerikafans.de\/es\/aquaristik-fachmagazin-august-september-2020-wels-presseschau\/"]}]},{"@type":"BreadcrumbList","@id":"https:\/\/www.suedamerikafans.de\/es\/aquaristik-fachmagazin-august-september-2020-wels-presseschau\/#breadcrumb","itemListElement":[{"@type":"ListItem","position":1,"name":"Startseite","item":"https:\/\/www.suedamerikafans.de\/es\/"},{"@type":"ListItem","position":2,"name":"Aquaristik Fachmagazin August \/ September 2020 \u2013 \u201cWels-Presseschau\u201d"}]},{"@type":"WebSite","@id":"https:\/\/www.suedamerikafans.de\/es\/#website","url":"https:\/\/www.suedamerikafans.de\/es\/","name":"S\u00fcdamerikafans","description":"... y fan\u00e1ticos del bagre","publisher":{"@id":"https:\/\/www.suedamerikafans.de\/es\/#\/schema\/person\/a12b5fd2644a8b700e5f1c1c6afc2e43"},"potentialAction":[{"@type":"SearchAction","target":{"@type":"EntryPoint","urlTemplate":"https:\/\/www.suedamerikafans.de\/es\/?s={search_term_string}"},"query-input":{"@type":"PropertyValueSpecification","valueRequired":true,"valueName":"search_term_string"}}],"inLanguage":"es"},{"@type":["Person","Organization"],"@id":"https:\/\/www.suedamerikafans.de\/es\/#\/schema\/person\/a12b5fd2644a8b700e5f1c1c6afc2e43","name":"elko","image":{"@type":"ImageObject","inLanguage":"es","@id":"https:\/\/www.suedamerikafans.de\/wp-content\/uploads\/2014\/08\/l163-600.jpg","url":"https:\/\/www.suedamerikafans.de\/wp-content\/uploads\/2014\/08\/l163-600.jpg","contentUrl":"https:\/\/www.suedamerikafans.de\/wp-content\/uploads\/2014\/08\/l163-600.jpg","width":1,"height":1,"caption":"elko"},"logo":{"@id":"https:\/\/www.suedamerikafans.de\/wp-content\/uploads\/2014\/08\/l163-600.jpg"}}]}},"_links":{"self":[{"href":"https:\/\/www.suedamerikafans.de\/es\/wp-json\/wp\/v2\/posts\/51597","targetHints":{"allow":["GET"]}}],"collection":[{"href":"https:\/\/www.suedamerikafans.de\/es\/wp-json\/wp\/v2\/posts"}],"about":[{"href":"https:\/\/www.suedamerikafans.de\/es\/wp-json\/wp\/v2\/types\/post"}],"author":[{"embeddable":true,"href":"https:\/\/www.suedamerikafans.de\/es\/wp-json\/wp\/v2\/users\/1"}],"replies":[{"embeddable":true,"href":"https:\/\/www.suedamerikafans.de\/es\/wp-json\/wp\/v2\/comments?post=51597"}],"version-history":[{"count":0,"href":"https:\/\/www.suedamerikafans.de\/es\/wp-json\/wp\/v2\/posts\/51597\/revisions"}],"wp:attachment":[{"href":"https:\/\/www.suedamerikafans.de\/es\/wp-json\/wp\/v2\/media?parent=51597"}],"wp:term":[{"taxonomy":"category","embeddable":true,"href":"https:\/\/www.suedamerikafans.de\/es\/wp-json\/wp\/v2\/categories?post=51597"},{"taxonomy":"post_tag","embeddable":true,"href":"https:\/\/www.suedamerikafans.de\/es\/wp-json\/wp\/v2\/tags?post=51597"}],"curies":[{"name":"wp","href":"https:\/\/api.w.org\/{rel}","templated":true}]}}