{"id":51473,"date":"2021-02-19T07:09:57","date_gmt":"2021-02-19T06:09:57","guid":{"rendered":"https:\/\/www.suedamerikafans.de\/eine-positive-negativliste-aus-brasilien\/"},"modified":"2022-01-08T17:37:24","modified_gmt":"2022-01-08T16:37:24","slug":"eine-positive-negativliste-aus-brasilien","status":"publish","type":"post","link":"https:\/\/www.suedamerikafans.de\/es\/eine-positive-negativliste-aus-brasilien\/","title":{"rendered":"Eine positive(?) Negativliste aus Brasilien"},"content":{"rendered":"<section class=\"wpb-content-wrapper\"><p>[vc_row][vc_column][vc_column_text]2018 erschien der \u00abVI. Band &#8211; Peixes\u00bb aus \u00ab<a href=\"https:\/\/www.icmbio.gov.br\/portal\/images\/stories\/comunicacao\/publicacoes\/publicacoes-diversas\/livro_vermelho_2018_vol6.pdf\" target=\"_blank\" rel=\"noopener noreferrer\">Livro Vermelho &#8211; da Fauna Brasileira Amea\u00e7ada de Extin\u00e7\u00e3o<\/a>\u00ab.&nbsp;&nbsp;<\/p>\n<p>Im Aquaristikfachmagazin Juni\/Juli 2013 berichtet Ingo Seidel, dass die Erlaubnis zum Exportieren von Fischen nun auf Basis dieses Buches in Form einer Negativliste realisiert werden soll. Die gef\u00e4hrdeten Arten werden in diesem Livro Vermelho (Redbook) aufgelistet und d\u00fcrfen nicht exportiert werden. Im Umkehrschluss d\u00fcrfen in diesem Buch nicht aufgelistete Arten exportiert werden. Die bisherige Praxis der <a href=\"https:\/\/www.suedamerikafans.de\/positivlisten-in-brasilien\/\" target=\"_blank\" rel=\"noopener noreferrer\">Postivlisten<\/a> wird damit hinf\u00e4llig.<\/p>\n<p>Also zum Beispiel ist <a href=\"https:\/\/www.suedamerikafans.de\/wels-datenbank\/welsart\/?art=134\" target=\"_blank\" rel=\"noopener noreferrer\"><em>Hypancistrus zebra<\/em><\/a> in diesem Buch aufgef\u00fchrt und darf damit auch k\u00fcnftig nicht aus Brasilien exportiert werden. Andererseits wird <a href=\"https:\/\/www.suedamerikafans.de\/wels-datenbank\/welsart\/?art=65\" target=\"_blank\" rel=\"noopener noreferrer\"><em>Parotocinclus jumbo<\/em> (LDA25)<\/a> in dem Buch nicht genannt und sollte daher wieder exportiert werden d\u00fcrfen.<\/p>\n<p>Ganz so einfach ist die Sache nun aber auch nicht. Leandro Melo de Sousa erstellt derzeit eine Arbeit in der die gef\u00e4hrdeten, nicht beschriebenen Arten erfasst werden. Es ist davon auszugehen, dass diese dann auch nicht exportiert werden d\u00fcrfen. Das bekannteste Beispiel hierf\u00fcr ist sicherlich <a href=\"https:\/\/www.suedamerikafans.de\/wels-datenbank\/welsart\/?art_lnr=174\" target=\"_blank\" rel=\"noopener noreferrer\"><em>Hypancistrus<\/em> sp. \u00abL 174\u00bb<\/a>.<\/p>\n<p>Grundlage f\u00fcr diesen Wandel ist, dass man nach jahrelangen Forschungen zu dem Ergebnis gekommen ist, dass die Fische nicht durch den Zierfischfang gef\u00e4hrdet sind. Als Ursache f\u00fcr das Aussterben von Fischarten wurde die Umweltzerst\u00f6rung erkannt.<\/p>\n<p>Bleibt noch zu erg\u00e4nzen: Ingo bremst aber auch gleich zu gro\u00dfen Enthusiasmus, da aufgrund von Corona derzeit kaum Exporte aus Brasilien erfolgen.<\/p>\n<p><a href=\"https:\/\/www.suedamerikafans.de\/wels-datenbank\/gefunden\/?db_familie=1&#038;db_unterfamilie=alle&#038;db_land=Brasilien&#038;db_show=bilder&#038;db_iucn_vu=1&#038;db_iucn_en=1&#038;db_iucn_cr=1&#038;db_iucn_ew=1&#038;db_iucn_ex=1\" target=\"_blank\" rel=\"noopener noreferrer\">Gef\u00e4hrdete Arten in Brasilien<\/a><br \/>\nEs soll hier noch ein paar Ausnahmen geben, weil bei der Bewertung der geplante Staudammbau am rio Tapaj\u00f3s schon ber\u00fccksichtigt wurde. Dieser Staudamm nun (hoffentlich grunds\u00e4tzlich) nicht gebaut werden soll.[\/vc_column_text][\/vc_column][\/vc_row][vc_row][vc_column][vc_column_text]<\/p>\n<h2>Zum Nachdenken<\/h2>\n<p>Soweit die Mitteilung im Aquaristikfachmagazin und die erg\u00e4nzende Info von Leandro Melo de Sousa. Aus Aquarianersicht h\u00f6rt sich das sehr vielversprechend an. Wenn man mal die Sache \u00fcberdenkt, wirkt dieses schon etwas \u00abkomisch\u00bb.<\/p>\n<p>Nach der Mitteilung von Leandro Melo de Sousa zu den nichtbeschriebenen Arten, m\u00f6chte ich mich mal nur auf die beschriebenen Arten konzentrieren.<br \/>\nMal von irgendwelchen Diskussionen zu Synonymen u.\u00e4. abgesehen sind ca. 640 <a href=\"https:\/\/www.suedamerikafans.de\/wels-datenbank\/gefunden\/?db_familie=1&#038;db_unterfamilie=alle&#038;db_land=Brasilien&#038;db_bezeichnung_beschrieben=ja&#038;db_show=bilder&#038;infolimit=3\" target=\"_blank\" rel=\"noopener noreferrer\">Harnischwels-Arten aus Brasilien<\/a> bekannt. (100%)<\/p>\n<p>Davon gelten (ohne o.g. erwartete Ausnahmen) 46 <a href=\"https:\/\/www.suedamerikafans.de\/wels-datenbank\/gefunden\/?db_familie=1&#038;db_unterfamilie=alle&#038;db_land=Brasilien&#038;db_bezeichnung_beschrieben=ja&#038;db_show=bilder&#038;db_iucn_nt=1&#038;db_iucn_vu=1&#038;db_iucn_en=1&#038;db_iucn_cr=1&#038;db_iucn_ew=1&#038;db_iucn_ex=1&#038;infolimit=3\" target=\"_blank\" rel=\"noopener noreferrer\">Harnischwels-Arten aus Brasilien als gef\u00e4hrdet<\/a>. (7,2%)<br \/>\nWeiterhin gelten 42 <a href=\"https:\/\/www.suedamerikafans.de\/wels-datenbank\/gefunden\/?db_familie=1&#038;db_unterfamilie=alle&#038;db_land=Brasilien&#038;db_bezeichnung_beschrieben=ja&#038;db_show=bilder&#038;db_iucn_lc=1&#038;infolimit=3\" target=\"_blank\" rel=\"noopener noreferrer\">brasiliansiche Harnischwels-Arten als nicht gef\u00e4hrdet<\/a>. (6,6%)<\/p>\n<p>D.h. zu 552 beschriebenen Harnischwels-Arten wurden bisher entweder keine oder zu wenig Daten erhoben. (86,2%)<br \/>\nBetrachtet man die Relation zwischen gef\u00e4hrdet und nicht gef\u00e4hrdeten Harnischwels-Arten, ist anzunehmen, dass ca. die H\u00e4lfte der Harnischwels-Arten, also weitere ca. 225 Arten, ebenfalls gef\u00e4hrdet sein k\u00f6nnten. Dann w\u00e4ren nur ca. 17% der gef\u00e4hrdeten, beschriebenen Arten auf der Negativliste?!<\/p>\n<p>Ich glaube, da sind schon an diesem pauschalen Vorgehen gewisse Zweifel angebracht. Sehen wir mal, wie sich die Sache entwickelt.<\/p>\n<p>Ver\u00f6ffentlicht: 30.05.2020[\/vc_column_text][\/vc_column][\/vc_row][vc_row][vc_column][vc_column_text]<\/p>\n<h2>Theorie und Praxis<\/h2>\n<p>Wie ich heute erfahren habe:<\/p>\n<p>theoretisch soll der Export entsprechend der Negativliste m\u00f6glich sein,<\/p>\n<p>praktisch m\u00fcssen die brasilianischen Exporteure noch immer entsprechend der Postivliste von 2012 arbeiten.<\/p>\n<p>Update: 19.02.2021[\/vc_column_text][\/vc_column][\/vc_row]<\/p>\n<\/section>","protected":false},"excerpt":{"rendered":"<p>[vc_row][vc_column][vc_column_text]2018 erschien der \u00abVI. Band &#8211; Peixes\u00bb aus \u00abLivro Vermelho &#8211; da Fauna Brasileira Amea\u00e7ada de Extin\u00e7\u00e3o\u00ab.&nbsp;&nbsp; Im Aquaristikfachmagazin Juni\/Juli [&hellip;]<\/p>\n","protected":false},"author":1,"featured_media":12559,"comment_status":"closed","ping_status":"closed","sticky":false,"template":"","format":"standard","meta":{"om_disable_all_campaigns":false,"_monsterinsights_skip_tracking":false,"ngg_post_thumbnail":0,"footnotes":""},"categories":[74,45,70,3325],"tags":[2202,2205,2206,1252,7624,7625,7626,361],"class_list":["post-51473","post","type-post","status-publish","format-standard","has-post-thumbnail","hentry","category-aquaristik-fachmagazin-es","category-informes-es","category-revista-de-prensa-sobre-loricaridos","category-top-es","tag-hypancistrus-sp-l-174-es","tag-hypancistrus-zebra-l-46-es","tag-l174-es","tag-l46-de-es","tag-lda25-es","tag-negativliste-es","tag-parotocinclus-jumbo-lda-25-es","tag-positivliste-es"],"yoast_head":"<!-- This site is optimized with the Yoast SEO plugin v28.3 - https:\/\/yoast.com\/product\/yoast-seo-wordpress\/ -->\n<title>Eine positive(?) Negativliste aus Brasilien - S&uuml;damerikafans<\/title>\n<meta name=\"description\" content=\"Bisher wurde der Export von Harnischwelsen aus Brasilien mit Positivlisten geregelt. Nun m\u00f6chte man wieder auf eine Negativliste umstellen.\" \/>\n<meta name=\"robots\" content=\"index, follow, max-snippet:-1, max-image-preview:large, max-video-preview:-1\" \/>\n<link rel=\"canonical\" href=\"https:\/\/www.suedamerikafans.de\/es\/eine-positive-negativliste-aus-brasilien\/\" \/>\n<meta property=\"og:locale\" content=\"es_ES\" \/>\n<meta property=\"og:type\" content=\"article\" \/>\n<meta property=\"og:title\" content=\"Eine positive(?) Negativliste aus Brasilien - S&uuml;damerikafans\" \/>\n<meta property=\"og:description\" content=\"Bisher wurde der Export von Harnischwelsen aus Brasilien mit Positivlisten geregelt. Nun m\u00f6chte man wieder auf eine Negativliste umstellen.\" \/>\n<meta property=\"og:url\" content=\"https:\/\/www.suedamerikafans.de\/es\/eine-positive-negativliste-aus-brasilien\/\" \/>\n<meta property=\"og:site_name\" content=\"Fans de Am\u00e9rica del Sur\" \/>\n<meta property=\"article:published_time\" content=\"2021-02-19T06:09:57+00:00\" \/>\n<meta property=\"article:modified_time\" content=\"2022-01-08T16:37:24+00:00\" \/>\n<meta property=\"og:image\" content=\"https:\/\/www.suedamerikafans.de\/wp-content\/uploads\/2009\/06\/l46-m2.jpg\" \/>\n\t<meta property=\"og:image:width\" content=\"1\" \/>\n\t<meta property=\"og:image:height\" content=\"1\" \/>\n\t<meta property=\"og:image:type\" content=\"image\/jpeg\" \/>\n<meta name=\"author\" content=\"elko\" \/>\n<meta name=\"twitter:card\" content=\"summary_large_image\" \/>\n<meta name=\"twitter:label1\" content=\"Escrito por\" \/>\n\t<meta name=\"twitter:data1\" content=\"elko\" \/>\n\t<meta name=\"twitter:label2\" content=\"Tiempo de lectura\" \/>\n\t<meta name=\"twitter:data2\" content=\"3 minutos\" \/>\n<script type=\"application\/ld+json\" class=\"yoast-schema-graph\">{\"@context\":\"https:\\\/\\\/schema.org\",\"@graph\":[{\"@type\":\"Article\",\"@id\":\"https:\\\/\\\/www.suedamerikafans.de\\\/es\\\/eine-positive-negativliste-aus-brasilien\\\/#article\",\"isPartOf\":{\"@id\":\"https:\\\/\\\/www.suedamerikafans.de\\\/es\\\/eine-positive-negativliste-aus-brasilien\\\/\"},\"author\":{\"name\":\"elko\",\"@id\":\"https:\\\/\\\/www.suedamerikafans.de\\\/es\\\/#\\\/schema\\\/person\\\/a12b5fd2644a8b700e5f1c1c6afc2e43\"},\"headline\":\"Eine positive(?) Negativliste aus Brasilien\",\"datePublished\":\"2021-02-19T06:09:57+00:00\",\"dateModified\":\"2022-01-08T16:37:24+00:00\",\"mainEntityOfPage\":{\"@id\":\"https:\\\/\\\/www.suedamerikafans.de\\\/es\\\/eine-positive-negativliste-aus-brasilien\\\/\"},\"wordCount\":530,\"publisher\":{\"@id\":\"https:\\\/\\\/www.suedamerikafans.de\\\/es\\\/#\\\/schema\\\/person\\\/a12b5fd2644a8b700e5f1c1c6afc2e43\"},\"image\":{\"@id\":\"https:\\\/\\\/www.suedamerikafans.de\\\/es\\\/eine-positive-negativliste-aus-brasilien\\\/#primaryimage\"},\"thumbnailUrl\":\"https:\\\/\\\/www.suedamerikafans.de\\\/wp-content\\\/uploads\\\/2009\\\/06\\\/l46-m2.jpg\",\"keywords\":[\"Hypancistrus sp. &#8222;L 174&#8220;\",\"Hypancistrus zebra (L 46)\",\"L174\",\"L46\",\"LDA25\",\"Negativliste\",\"Parotocinclus jumbo (LDA 25)\",\"Positivliste\"],\"articleSection\":[\"Aquaristik Fachmagazin\",\"Informes\",\"Siluros en las revistas\",\"Top\"],\"inLanguage\":\"es\"},{\"@type\":\"WebPage\",\"@id\":\"https:\\\/\\\/www.suedamerikafans.de\\\/es\\\/eine-positive-negativliste-aus-brasilien\\\/\",\"url\":\"https:\\\/\\\/www.suedamerikafans.de\\\/es\\\/eine-positive-negativliste-aus-brasilien\\\/\",\"name\":\"Eine positive(?) Negativliste aus Brasilien -\",\"isPartOf\":{\"@id\":\"https:\\\/\\\/www.suedamerikafans.de\\\/es\\\/#website\"},\"primaryImageOfPage\":{\"@id\":\"https:\\\/\\\/www.suedamerikafans.de\\\/es\\\/eine-positive-negativliste-aus-brasilien\\\/#primaryimage\"},\"image\":{\"@id\":\"https:\\\/\\\/www.suedamerikafans.de\\\/es\\\/eine-positive-negativliste-aus-brasilien\\\/#primaryimage\"},\"thumbnailUrl\":\"https:\\\/\\\/www.suedamerikafans.de\\\/wp-content\\\/uploads\\\/2009\\\/06\\\/l46-m2.jpg\",\"datePublished\":\"2021-02-19T06:09:57+00:00\",\"dateModified\":\"2022-01-08T16:37:24+00:00\",\"description\":\"Bisher wurde der Export von Harnischwelsen aus Brasilien mit Positivlisten geregelt. Nun m\u00f6chte man wieder auf eine Negativliste umstellen.\",\"breadcrumb\":{\"@id\":\"https:\\\/\\\/www.suedamerikafans.de\\\/es\\\/eine-positive-negativliste-aus-brasilien\\\/#breadcrumb\"},\"inLanguage\":\"es\",\"potentialAction\":[{\"@type\":\"ReadAction\",\"target\":[\"https:\\\/\\\/www.suedamerikafans.de\\\/es\\\/eine-positive-negativliste-aus-brasilien\\\/\"]}]},{\"@type\":\"ImageObject\",\"inLanguage\":\"es\",\"@id\":\"https:\\\/\\\/www.suedamerikafans.de\\\/es\\\/eine-positive-negativliste-aus-brasilien\\\/#primaryimage\",\"url\":\"https:\\\/\\\/www.suedamerikafans.de\\\/wp-content\\\/uploads\\\/2009\\\/06\\\/l46-m2.jpg\",\"contentUrl\":\"https:\\\/\\\/www.suedamerikafans.de\\\/wp-content\\\/uploads\\\/2009\\\/06\\\/l46-m2.jpg\"},{\"@type\":\"BreadcrumbList\",\"@id\":\"https:\\\/\\\/www.suedamerikafans.de\\\/es\\\/eine-positive-negativliste-aus-brasilien\\\/#breadcrumb\",\"itemListElement\":[{\"@type\":\"ListItem\",\"position\":1,\"name\":\"Startseite\",\"item\":\"https:\\\/\\\/www.suedamerikafans.de\\\/es\\\/\"},{\"@type\":\"ListItem\",\"position\":2,\"name\":\"Eine positive(?) Negativliste aus Brasilien\"}]},{\"@type\":\"WebSite\",\"@id\":\"https:\\\/\\\/www.suedamerikafans.de\\\/es\\\/#website\",\"url\":\"https:\\\/\\\/www.suedamerikafans.de\\\/es\\\/\",\"name\":\"S\u00fcdamerikafans\",\"description\":\"... y fan\u00e1ticos del bagre\",\"publisher\":{\"@id\":\"https:\\\/\\\/www.suedamerikafans.de\\\/es\\\/#\\\/schema\\\/person\\\/a12b5fd2644a8b700e5f1c1c6afc2e43\"},\"potentialAction\":[{\"@type\":\"SearchAction\",\"target\":{\"@type\":\"EntryPoint\",\"urlTemplate\":\"https:\\\/\\\/www.suedamerikafans.de\\\/es\\\/?s={search_term_string}\"},\"query-input\":{\"@type\":\"PropertyValueSpecification\",\"valueRequired\":true,\"valueName\":\"search_term_string\"}}],\"inLanguage\":\"es\"},{\"@type\":[\"Person\",\"Organization\"],\"@id\":\"https:\\\/\\\/www.suedamerikafans.de\\\/es\\\/#\\\/schema\\\/person\\\/a12b5fd2644a8b700e5f1c1c6afc2e43\",\"name\":\"elko\",\"image\":{\"@type\":\"ImageObject\",\"inLanguage\":\"es\",\"@id\":\"https:\\\/\\\/www.suedamerikafans.de\\\/wp-content\\\/uploads\\\/2014\\\/08\\\/l163-600.jpg\",\"url\":\"https:\\\/\\\/www.suedamerikafans.de\\\/wp-content\\\/uploads\\\/2014\\\/08\\\/l163-600.jpg\",\"contentUrl\":\"https:\\\/\\\/www.suedamerikafans.de\\\/wp-content\\\/uploads\\\/2014\\\/08\\\/l163-600.jpg\",\"width\":1,\"height\":1,\"caption\":\"elko\"},\"logo\":{\"@id\":\"https:\\\/\\\/www.suedamerikafans.de\\\/wp-content\\\/uploads\\\/2014\\\/08\\\/l163-600.jpg\"}}]}<\/script>\n<!-- \/ Yoast SEO plugin. -->","yoast_head_json":{"title":"Eine positive(?) Negativliste aus Brasilien - S&uuml;damerikafans","description":"Bisher wurde der Export von Harnischwelsen aus Brasilien mit Positivlisten geregelt. Nun m\u00f6chte man wieder auf eine Negativliste umstellen.","robots":{"index":"index","follow":"follow","max-snippet":"max-snippet:-1","max-image-preview":"max-image-preview:large","max-video-preview":"max-video-preview:-1"},"canonical":"https:\/\/www.suedamerikafans.de\/es\/eine-positive-negativliste-aus-brasilien\/","og_locale":"es_ES","og_type":"article","og_title":"Eine positive(?) Negativliste aus Brasilien - S&uuml;damerikafans","og_description":"Bisher wurde der Export von Harnischwelsen aus Brasilien mit Positivlisten geregelt. Nun m\u00f6chte man wieder auf eine Negativliste umstellen.","og_url":"https:\/\/www.suedamerikafans.de\/es\/eine-positive-negativliste-aus-brasilien\/","og_site_name":"Fans de Am\u00e9rica del Sur","article_published_time":"2021-02-19T06:09:57+00:00","article_modified_time":"2022-01-08T16:37:24+00:00","og_image":[{"url":"https:\/\/www.suedamerikafans.de\/wp-content\/uploads\/2009\/06\/l46-m2.jpg","width":1,"height":1,"type":"image\/jpeg"}],"author":"elko","twitter_card":"summary_large_image","twitter_misc":{"Escrito por":"elko","Tiempo de lectura":"3 minutos"},"schema":{"@context":"https:\/\/schema.org","@graph":[{"@type":"Article","@id":"https:\/\/www.suedamerikafans.de\/es\/eine-positive-negativliste-aus-brasilien\/#article","isPartOf":{"@id":"https:\/\/www.suedamerikafans.de\/es\/eine-positive-negativliste-aus-brasilien\/"},"author":{"name":"elko","@id":"https:\/\/www.suedamerikafans.de\/es\/#\/schema\/person\/a12b5fd2644a8b700e5f1c1c6afc2e43"},"headline":"Eine positive(?) Negativliste aus Brasilien","datePublished":"2021-02-19T06:09:57+00:00","dateModified":"2022-01-08T16:37:24+00:00","mainEntityOfPage":{"@id":"https:\/\/www.suedamerikafans.de\/es\/eine-positive-negativliste-aus-brasilien\/"},"wordCount":530,"publisher":{"@id":"https:\/\/www.suedamerikafans.de\/es\/#\/schema\/person\/a12b5fd2644a8b700e5f1c1c6afc2e43"},"image":{"@id":"https:\/\/www.suedamerikafans.de\/es\/eine-positive-negativliste-aus-brasilien\/#primaryimage"},"thumbnailUrl":"https:\/\/www.suedamerikafans.de\/wp-content\/uploads\/2009\/06\/l46-m2.jpg","keywords":["Hypancistrus sp. &#8222;L 174&#8220;","Hypancistrus zebra (L 46)","L174","L46","LDA25","Negativliste","Parotocinclus jumbo (LDA 25)","Positivliste"],"articleSection":["Aquaristik Fachmagazin","Informes","Siluros en las revistas","Top"],"inLanguage":"es"},{"@type":"WebPage","@id":"https:\/\/www.suedamerikafans.de\/es\/eine-positive-negativliste-aus-brasilien\/","url":"https:\/\/www.suedamerikafans.de\/es\/eine-positive-negativliste-aus-brasilien\/","name":"Eine positive(?) Negativliste aus Brasilien -","isPartOf":{"@id":"https:\/\/www.suedamerikafans.de\/es\/#website"},"primaryImageOfPage":{"@id":"https:\/\/www.suedamerikafans.de\/es\/eine-positive-negativliste-aus-brasilien\/#primaryimage"},"image":{"@id":"https:\/\/www.suedamerikafans.de\/es\/eine-positive-negativliste-aus-brasilien\/#primaryimage"},"thumbnailUrl":"https:\/\/www.suedamerikafans.de\/wp-content\/uploads\/2009\/06\/l46-m2.jpg","datePublished":"2021-02-19T06:09:57+00:00","dateModified":"2022-01-08T16:37:24+00:00","description":"Bisher wurde der Export von Harnischwelsen aus Brasilien mit Positivlisten geregelt. Nun m\u00f6chte man wieder auf eine Negativliste umstellen.","breadcrumb":{"@id":"https:\/\/www.suedamerikafans.de\/es\/eine-positive-negativliste-aus-brasilien\/#breadcrumb"},"inLanguage":"es","potentialAction":[{"@type":"ReadAction","target":["https:\/\/www.suedamerikafans.de\/es\/eine-positive-negativliste-aus-brasilien\/"]}]},{"@type":"ImageObject","inLanguage":"es","@id":"https:\/\/www.suedamerikafans.de\/es\/eine-positive-negativliste-aus-brasilien\/#primaryimage","url":"https:\/\/www.suedamerikafans.de\/wp-content\/uploads\/2009\/06\/l46-m2.jpg","contentUrl":"https:\/\/www.suedamerikafans.de\/wp-content\/uploads\/2009\/06\/l46-m2.jpg"},{"@type":"BreadcrumbList","@id":"https:\/\/www.suedamerikafans.de\/es\/eine-positive-negativliste-aus-brasilien\/#breadcrumb","itemListElement":[{"@type":"ListItem","position":1,"name":"Startseite","item":"https:\/\/www.suedamerikafans.de\/es\/"},{"@type":"ListItem","position":2,"name":"Eine positive(?) Negativliste aus Brasilien"}]},{"@type":"WebSite","@id":"https:\/\/www.suedamerikafans.de\/es\/#website","url":"https:\/\/www.suedamerikafans.de\/es\/","name":"S\u00fcdamerikafans","description":"... y fan\u00e1ticos del bagre","publisher":{"@id":"https:\/\/www.suedamerikafans.de\/es\/#\/schema\/person\/a12b5fd2644a8b700e5f1c1c6afc2e43"},"potentialAction":[{"@type":"SearchAction","target":{"@type":"EntryPoint","urlTemplate":"https:\/\/www.suedamerikafans.de\/es\/?s={search_term_string}"},"query-input":{"@type":"PropertyValueSpecification","valueRequired":true,"valueName":"search_term_string"}}],"inLanguage":"es"},{"@type":["Person","Organization"],"@id":"https:\/\/www.suedamerikafans.de\/es\/#\/schema\/person\/a12b5fd2644a8b700e5f1c1c6afc2e43","name":"elko","image":{"@type":"ImageObject","inLanguage":"es","@id":"https:\/\/www.suedamerikafans.de\/wp-content\/uploads\/2014\/08\/l163-600.jpg","url":"https:\/\/www.suedamerikafans.de\/wp-content\/uploads\/2014\/08\/l163-600.jpg","contentUrl":"https:\/\/www.suedamerikafans.de\/wp-content\/uploads\/2014\/08\/l163-600.jpg","width":1,"height":1,"caption":"elko"},"logo":{"@id":"https:\/\/www.suedamerikafans.de\/wp-content\/uploads\/2014\/08\/l163-600.jpg"}}]}},"_links":{"self":[{"href":"https:\/\/www.suedamerikafans.de\/es\/wp-json\/wp\/v2\/posts\/51473","targetHints":{"allow":["GET"]}}],"collection":[{"href":"https:\/\/www.suedamerikafans.de\/es\/wp-json\/wp\/v2\/posts"}],"about":[{"href":"https:\/\/www.suedamerikafans.de\/es\/wp-json\/wp\/v2\/types\/post"}],"author":[{"embeddable":true,"href":"https:\/\/www.suedamerikafans.de\/es\/wp-json\/wp\/v2\/users\/1"}],"replies":[{"embeddable":true,"href":"https:\/\/www.suedamerikafans.de\/es\/wp-json\/wp\/v2\/comments?post=51473"}],"version-history":[{"count":0,"href":"https:\/\/www.suedamerikafans.de\/es\/wp-json\/wp\/v2\/posts\/51473\/revisions"}],"wp:featuredmedia":[{"embeddable":true,"href":"https:\/\/www.suedamerikafans.de\/es\/wp-json\/wp\/v2\/media\/12559"}],"wp:attachment":[{"href":"https:\/\/www.suedamerikafans.de\/es\/wp-json\/wp\/v2\/media?parent=51473"}],"wp:term":[{"taxonomy":"category","embeddable":true,"href":"https:\/\/www.suedamerikafans.de\/es\/wp-json\/wp\/v2\/categories?post=51473"},{"taxonomy":"post_tag","embeddable":true,"href":"https:\/\/www.suedamerikafans.de\/es\/wp-json\/wp\/v2\/tags?post=51473"}],"curies":[{"name":"wp","href":"https:\/\/api.w.org\/{rel}","templated":true}]}}