{"id":45792,"date":"2018-04-12T17:47:06","date_gmt":"2018-04-12T15:47:06","guid":{"rendered":"https:\/\/www.suedamerikafans.de\/aquaristik-fachmagazin-april-mai-2018-wels-presseschau\/"},"modified":"2018-07-27T20:28:46","modified_gmt":"2018-07-27T18:28:46","slug":"aquaristik-fachmagazin-april-mai-2018-wels-presseschau","status":"publish","type":"post","link":"https:\/\/www.suedamerikafans.de\/es\/aquaristik-fachmagazin-april-mai-2018-wels-presseschau\/","title":{"rendered":"Aquaristik Fachmagazin Abril \/ Mayo 2018 \u2013 \u201cLos siluriformes en las revistas\u201d"},"content":{"rendered":"<p>Hola amantes de los siluriformes,<\/p>\n<p>me gustar\u00eda presentarlos tres art\u00edculos de la revista Aquaristik-Fachmagazin:<\/p>\n<h2>Erik Schiller \u00abEl Guran\u00e1-Corydoras\u00bb (\u00abDer Guaran\u00e1-Panzerwels\u00bb)<\/h2>\n<p>Erik habla sobre sus experiencias en la cr\u00eda de las <em>Corydoras<\/em> amarillas doradas, <em>Corydoras eversi<\/em>. Su grupo desov\u00f3 a una temperatura de alrededor de 23 \u00b0 C y un pH de 6.5.<\/p>\n<p>Al criar, not\u00f3 que estos animales j\u00f3venes de esta especie son una desventaja para los animales j\u00f3venes de otras especies. Por lo tanto, deber\u00edas crecer por separado.<\/p>\n<h2>Ingo Seidel \u00abEl mundo de Siluriformes \u2013 para saber m\u00e1s, nuevo e inusual\u00bb (\u00abWelswelten &#8211; Wissenswertes, Neues und Ungew\u00f6hnliches\u00bb)<\/h2>\n<p>Ingo escribe sobre los h\u00edbridos de <em>Corydoras<\/em> en la naturaleza. Al principio, sin embargo, Ingo llama la atenci\u00f3n sobre los h\u00edbridos en acuar\u00edstica y los problemas resultantes con <em>Corydoras sterbai<\/em> x <em>Corydoras trilineatus<\/em> y <em>Corydoras panda<\/em> x <em>Corydoras weitzmani<\/em>. Como escribe Ingo, <strong>estos h\u00edbridos de <em>Corydoras<\/em> no son f\u00e9rtiles<\/strong>.<\/p>\n<p>Ingo descubri\u00f3 en una importaci\u00f3n de <em>Corydoras caudimaculatus<\/em> varios animales que deben haber resultado de una hibridaci\u00f3n con <em>Corydoras paucerna<\/em>. Particularmente digno de menci\u00f3n es que las dos especies mencionadas pertenecen a diferentes linajes. Los linajes se consideran candidatos para nuevos g\u00e9neros.<\/p>\n<h2>Enrico Richter \u00abRarezas de Rico Richter\u00bb (\u00abRico Richters Rarit\u00e4ten\u00bb)<\/h2>\n<p>Supongo que s\u00ed Enrico presenta una de sus rarezas. El art\u00edculo es sobre <a href=\"https:\/\/www.suedamerikafans.de\/es\/wels-datenbank\/welsart\/?art=1955\" target=\"_blank\" rel=\"noopener\"><em>Exallodontus aguanai<\/em><\/a>.<\/p>\n<p>Divi\u00e9rtete leyendo de la revista Aquaristik Fachmagazin<\/p>\n","protected":false},"excerpt":{"rendered":"<p>Hola amantes de los siluriformes, me gustar\u00eda presentarlos tres art\u00edculos de la revista Aquaristik-Fachmagazin: Erik Schiller \u00abEl Guran\u00e1-Corydoras\u00bb (\u00abDer Guaran\u00e1-Panzerwels\u00bb) [&hellip;]<\/p>\n","protected":false},"author":1,"featured_media":0,"comment_status":"open","ping_status":"closed","sticky":false,"template":"","format":"standard","meta":{"om_disable_all_campaigns":false,"_monsterinsights_skip_tracking":false,"_monsterinsights_sitenote_active":false,"_monsterinsights_sitenote_note":"","_monsterinsights_sitenote_category":0,"ngg_post_thumbnail":0,"footnotes":""},"categories":[74,70],"tags":[5785,5787],"class_list":["post-45792","post","type-post","status-publish","format-standard","hentry","category-aquaristik-fachmagazin-es","category-revista-de-prensa-sobre-loricaridos","tag-corydoras-caudimaculatus-es","tag-corydoras-paucerna-es"],"yoast_head":"<!-- This site is optimized with the Yoast SEO plugin v27.3 - https:\/\/yoast.com\/product\/yoast-seo-wordpress\/ -->\n<title>Aquaristik Fachmagazin Abril \/ Mayo 2018 \u2013 \u201cLos siluriformes en las revistas\u201d - S&uuml;damerikafans<\/title>\n<meta name=\"robots\" content=\"index, follow, max-snippet:-1, max-image-preview:large, max-video-preview:-1\" \/>\n<link rel=\"canonical\" href=\"https:\/\/www.suedamerikafans.de\/es\/aquaristik-fachmagazin-april-mai-2018-wels-presseschau\/\" \/>\n<meta property=\"og:locale\" content=\"es_ES\" \/>\n<meta property=\"og:type\" content=\"article\" \/>\n<meta property=\"og:title\" content=\"Aquaristik Fachmagazin Abril \/ Mayo 2018 \u2013 \u201cLos siluriformes en las revistas\u201d - S&uuml;damerikafans\" \/>\n<meta property=\"og:description\" content=\"Hola amantes de los siluriformes, me gustar\u00eda presentarlos tres art\u00edculos de la revista Aquaristik-Fachmagazin: Erik Schiller \u00abEl Guran\u00e1-Corydoras\u00bb (\u00abDer Guaran\u00e1-Panzerwels\u00bb) [&hellip;]\" \/>\n<meta property=\"og:url\" content=\"https:\/\/www.suedamerikafans.de\/es\/aquaristik-fachmagazin-april-mai-2018-wels-presseschau\/\" \/>\n<meta property=\"og:site_name\" content=\"Fans de Am\u00e9rica del Sur\" \/>\n<meta property=\"article:published_time\" content=\"2018-04-12T15:47:06+00:00\" \/>\n<meta property=\"article:modified_time\" content=\"2018-07-27T18:28:46+00:00\" \/>\n<meta name=\"author\" content=\"elko\" \/>\n<meta name=\"twitter:card\" content=\"summary_large_image\" \/>\n<meta name=\"twitter:label1\" content=\"Escrito por\" \/>\n\t<meta name=\"twitter:data1\" content=\"elko\" \/>\n\t<meta name=\"twitter:label2\" content=\"Tiempo de lectura\" \/>\n\t<meta name=\"twitter:data2\" content=\"1 minuto\" \/>\n<script type=\"application\/ld+json\" class=\"yoast-schema-graph\">{\"@context\":\"https:\\\/\\\/schema.org\",\"@graph\":[{\"@type\":\"Article\",\"@id\":\"https:\\\/\\\/www.suedamerikafans.de\\\/es\\\/aquaristik-fachmagazin-april-mai-2018-wels-presseschau\\\/#article\",\"isPartOf\":{\"@id\":\"https:\\\/\\\/www.suedamerikafans.de\\\/es\\\/aquaristik-fachmagazin-april-mai-2018-wels-presseschau\\\/\"},\"author\":{\"name\":\"elko\",\"@id\":\"https:\\\/\\\/www.suedamerikafans.de\\\/es\\\/#\\\/schema\\\/person\\\/a12b5fd2644a8b700e5f1c1c6afc2e43\"},\"headline\":\"Aquaristik Fachmagazin Abril \\\/ Mayo 2018 \u2013 \u201cLos siluriformes en las revistas\u201d\",\"datePublished\":\"2018-04-12T15:47:06+00:00\",\"dateModified\":\"2018-07-27T18:28:46+00:00\",\"mainEntityOfPage\":{\"@id\":\"https:\\\/\\\/www.suedamerikafans.de\\\/es\\\/aquaristik-fachmagazin-april-mai-2018-wels-presseschau\\\/\"},\"wordCount\":248,\"commentCount\":0,\"publisher\":{\"@id\":\"https:\\\/\\\/www.suedamerikafans.de\\\/es\\\/#\\\/schema\\\/person\\\/a12b5fd2644a8b700e5f1c1c6afc2e43\"},\"keywords\":[\"Corydoras caudimaculatus\",\"Corydoras paucerna\"],\"articleSection\":[\"Aquaristik Fachmagazin\",\"Siluros en las revistas\"],\"inLanguage\":\"es\",\"potentialAction\":[{\"@type\":\"CommentAction\",\"name\":\"Comment\",\"target\":[\"https:\\\/\\\/www.suedamerikafans.de\\\/es\\\/aquaristik-fachmagazin-april-mai-2018-wels-presseschau\\\/#respond\"]}]},{\"@type\":\"WebPage\",\"@id\":\"https:\\\/\\\/www.suedamerikafans.de\\\/es\\\/aquaristik-fachmagazin-april-mai-2018-wels-presseschau\\\/\",\"url\":\"https:\\\/\\\/www.suedamerikafans.de\\\/es\\\/aquaristik-fachmagazin-april-mai-2018-wels-presseschau\\\/\",\"name\":\"Aquaristik Fachmagazin Abril \\\/ Mayo 2018 \u2013 \u201cLos siluriformes en las revistas\u201d -\",\"isPartOf\":{\"@id\":\"https:\\\/\\\/www.suedamerikafans.de\\\/es\\\/#website\"},\"datePublished\":\"2018-04-12T15:47:06+00:00\",\"dateModified\":\"2018-07-27T18:28:46+00:00\",\"breadcrumb\":{\"@id\":\"https:\\\/\\\/www.suedamerikafans.de\\\/es\\\/aquaristik-fachmagazin-april-mai-2018-wels-presseschau\\\/#breadcrumb\"},\"inLanguage\":\"es\",\"potentialAction\":[{\"@type\":\"ReadAction\",\"target\":[\"https:\\\/\\\/www.suedamerikafans.de\\\/es\\\/aquaristik-fachmagazin-april-mai-2018-wels-presseschau\\\/\"]}]},{\"@type\":\"BreadcrumbList\",\"@id\":\"https:\\\/\\\/www.suedamerikafans.de\\\/es\\\/aquaristik-fachmagazin-april-mai-2018-wels-presseschau\\\/#breadcrumb\",\"itemListElement\":[{\"@type\":\"ListItem\",\"position\":1,\"name\":\"Startseite\",\"item\":\"https:\\\/\\\/www.suedamerikafans.de\\\/es\\\/\"},{\"@type\":\"ListItem\",\"position\":2,\"name\":\"Aquaristik Fachmagazin Abril \\\/ Mayo 2018 \u2013 \u201cLos siluriformes en las revistas\u201d\"}]},{\"@type\":\"WebSite\",\"@id\":\"https:\\\/\\\/www.suedamerikafans.de\\\/es\\\/#website\",\"url\":\"https:\\\/\\\/www.suedamerikafans.de\\\/es\\\/\",\"name\":\"S\u00fcdamerikafans\",\"description\":\"... y fan\u00e1ticos del bagre\",\"publisher\":{\"@id\":\"https:\\\/\\\/www.suedamerikafans.de\\\/es\\\/#\\\/schema\\\/person\\\/a12b5fd2644a8b700e5f1c1c6afc2e43\"},\"potentialAction\":[{\"@type\":\"SearchAction\",\"target\":{\"@type\":\"EntryPoint\",\"urlTemplate\":\"https:\\\/\\\/www.suedamerikafans.de\\\/es\\\/?s={search_term_string}\"},\"query-input\":{\"@type\":\"PropertyValueSpecification\",\"valueRequired\":true,\"valueName\":\"search_term_string\"}}],\"inLanguage\":\"es\"},{\"@type\":[\"Person\",\"Organization\"],\"@id\":\"https:\\\/\\\/www.suedamerikafans.de\\\/es\\\/#\\\/schema\\\/person\\\/a12b5fd2644a8b700e5f1c1c6afc2e43\",\"name\":\"elko\",\"image\":{\"@type\":\"ImageObject\",\"inLanguage\":\"es\",\"@id\":\"https:\\\/\\\/www.suedamerikafans.de\\\/wp-content\\\/uploads\\\/2014\\\/08\\\/l163-600.jpg\",\"url\":\"https:\\\/\\\/www.suedamerikafans.de\\\/wp-content\\\/uploads\\\/2014\\\/08\\\/l163-600.jpg\",\"contentUrl\":\"https:\\\/\\\/www.suedamerikafans.de\\\/wp-content\\\/uploads\\\/2014\\\/08\\\/l163-600.jpg\",\"width\":1,\"height\":1,\"caption\":\"elko\"},\"logo\":{\"@id\":\"https:\\\/\\\/www.suedamerikafans.de\\\/wp-content\\\/uploads\\\/2014\\\/08\\\/l163-600.jpg\"}}]}<\/script>\n<!-- \/ Yoast SEO plugin. -->","yoast_head_json":{"title":"Aquaristik Fachmagazin Abril \/ Mayo 2018 \u2013 \u201cLos siluriformes en las revistas\u201d - S&uuml;damerikafans","robots":{"index":"index","follow":"follow","max-snippet":"max-snippet:-1","max-image-preview":"max-image-preview:large","max-video-preview":"max-video-preview:-1"},"canonical":"https:\/\/www.suedamerikafans.de\/es\/aquaristik-fachmagazin-april-mai-2018-wels-presseschau\/","og_locale":"es_ES","og_type":"article","og_title":"Aquaristik Fachmagazin Abril \/ Mayo 2018 \u2013 \u201cLos siluriformes en las revistas\u201d - S&uuml;damerikafans","og_description":"Hola amantes de los siluriformes, me gustar\u00eda presentarlos tres art\u00edculos de la revista Aquaristik-Fachmagazin: Erik Schiller \u00abEl Guran\u00e1-Corydoras\u00bb (\u00abDer Guaran\u00e1-Panzerwels\u00bb) [&hellip;]","og_url":"https:\/\/www.suedamerikafans.de\/es\/aquaristik-fachmagazin-april-mai-2018-wels-presseschau\/","og_site_name":"Fans de Am\u00e9rica del Sur","article_published_time":"2018-04-12T15:47:06+00:00","article_modified_time":"2018-07-27T18:28:46+00:00","author":"elko","twitter_card":"summary_large_image","twitter_misc":{"Escrito por":"elko","Tiempo de lectura":"1 minuto"},"schema":{"@context":"https:\/\/schema.org","@graph":[{"@type":"Article","@id":"https:\/\/www.suedamerikafans.de\/es\/aquaristik-fachmagazin-april-mai-2018-wels-presseschau\/#article","isPartOf":{"@id":"https:\/\/www.suedamerikafans.de\/es\/aquaristik-fachmagazin-april-mai-2018-wels-presseschau\/"},"author":{"name":"elko","@id":"https:\/\/www.suedamerikafans.de\/es\/#\/schema\/person\/a12b5fd2644a8b700e5f1c1c6afc2e43"},"headline":"Aquaristik Fachmagazin Abril \/ Mayo 2018 \u2013 \u201cLos siluriformes en las revistas\u201d","datePublished":"2018-04-12T15:47:06+00:00","dateModified":"2018-07-27T18:28:46+00:00","mainEntityOfPage":{"@id":"https:\/\/www.suedamerikafans.de\/es\/aquaristik-fachmagazin-april-mai-2018-wels-presseschau\/"},"wordCount":248,"commentCount":0,"publisher":{"@id":"https:\/\/www.suedamerikafans.de\/es\/#\/schema\/person\/a12b5fd2644a8b700e5f1c1c6afc2e43"},"keywords":["Corydoras caudimaculatus","Corydoras paucerna"],"articleSection":["Aquaristik Fachmagazin","Siluros en las revistas"],"inLanguage":"es","potentialAction":[{"@type":"CommentAction","name":"Comment","target":["https:\/\/www.suedamerikafans.de\/es\/aquaristik-fachmagazin-april-mai-2018-wels-presseschau\/#respond"]}]},{"@type":"WebPage","@id":"https:\/\/www.suedamerikafans.de\/es\/aquaristik-fachmagazin-april-mai-2018-wels-presseschau\/","url":"https:\/\/www.suedamerikafans.de\/es\/aquaristik-fachmagazin-april-mai-2018-wels-presseschau\/","name":"Aquaristik Fachmagazin Abril \/ Mayo 2018 \u2013 \u201cLos siluriformes en las revistas\u201d -","isPartOf":{"@id":"https:\/\/www.suedamerikafans.de\/es\/#website"},"datePublished":"2018-04-12T15:47:06+00:00","dateModified":"2018-07-27T18:28:46+00:00","breadcrumb":{"@id":"https:\/\/www.suedamerikafans.de\/es\/aquaristik-fachmagazin-april-mai-2018-wels-presseschau\/#breadcrumb"},"inLanguage":"es","potentialAction":[{"@type":"ReadAction","target":["https:\/\/www.suedamerikafans.de\/es\/aquaristik-fachmagazin-april-mai-2018-wels-presseschau\/"]}]},{"@type":"BreadcrumbList","@id":"https:\/\/www.suedamerikafans.de\/es\/aquaristik-fachmagazin-april-mai-2018-wels-presseschau\/#breadcrumb","itemListElement":[{"@type":"ListItem","position":1,"name":"Startseite","item":"https:\/\/www.suedamerikafans.de\/es\/"},{"@type":"ListItem","position":2,"name":"Aquaristik Fachmagazin Abril \/ Mayo 2018 \u2013 \u201cLos siluriformes en las revistas\u201d"}]},{"@type":"WebSite","@id":"https:\/\/www.suedamerikafans.de\/es\/#website","url":"https:\/\/www.suedamerikafans.de\/es\/","name":"S\u00fcdamerikafans","description":"... y fan\u00e1ticos del bagre","publisher":{"@id":"https:\/\/www.suedamerikafans.de\/es\/#\/schema\/person\/a12b5fd2644a8b700e5f1c1c6afc2e43"},"potentialAction":[{"@type":"SearchAction","target":{"@type":"EntryPoint","urlTemplate":"https:\/\/www.suedamerikafans.de\/es\/?s={search_term_string}"},"query-input":{"@type":"PropertyValueSpecification","valueRequired":true,"valueName":"search_term_string"}}],"inLanguage":"es"},{"@type":["Person","Organization"],"@id":"https:\/\/www.suedamerikafans.de\/es\/#\/schema\/person\/a12b5fd2644a8b700e5f1c1c6afc2e43","name":"elko","image":{"@type":"ImageObject","inLanguage":"es","@id":"https:\/\/www.suedamerikafans.de\/wp-content\/uploads\/2014\/08\/l163-600.jpg","url":"https:\/\/www.suedamerikafans.de\/wp-content\/uploads\/2014\/08\/l163-600.jpg","contentUrl":"https:\/\/www.suedamerikafans.de\/wp-content\/uploads\/2014\/08\/l163-600.jpg","width":1,"height":1,"caption":"elko"},"logo":{"@id":"https:\/\/www.suedamerikafans.de\/wp-content\/uploads\/2014\/08\/l163-600.jpg"}}]}},"_links":{"self":[{"href":"https:\/\/www.suedamerikafans.de\/es\/wp-json\/wp\/v2\/posts\/45792","targetHints":{"allow":["GET"]}}],"collection":[{"href":"https:\/\/www.suedamerikafans.de\/es\/wp-json\/wp\/v2\/posts"}],"about":[{"href":"https:\/\/www.suedamerikafans.de\/es\/wp-json\/wp\/v2\/types\/post"}],"author":[{"embeddable":true,"href":"https:\/\/www.suedamerikafans.de\/es\/wp-json\/wp\/v2\/users\/1"}],"replies":[{"embeddable":true,"href":"https:\/\/www.suedamerikafans.de\/es\/wp-json\/wp\/v2\/comments?post=45792"}],"version-history":[{"count":0,"href":"https:\/\/www.suedamerikafans.de\/es\/wp-json\/wp\/v2\/posts\/45792\/revisions"}],"wp:attachment":[{"href":"https:\/\/www.suedamerikafans.de\/es\/wp-json\/wp\/v2\/media?parent=45792"}],"wp:term":[{"taxonomy":"category","embeddable":true,"href":"https:\/\/www.suedamerikafans.de\/es\/wp-json\/wp\/v2\/categories?post=45792"},{"taxonomy":"post_tag","embeddable":true,"href":"https:\/\/www.suedamerikafans.de\/es\/wp-json\/wp\/v2\/tags?post=45792"}],"curies":[{"name":"wp","href":"https:\/\/api.w.org\/{rel}","templated":true}]}}