{"id":34058,"date":"2009-03-02T13:15:09","date_gmt":"2009-03-02T12:15:09","guid":{"rendered":"https:\/\/www.suedamerikafans.de\/en\/amazonas-maerzapril-2009-wels-presseschau\/"},"modified":"2021-02-11T17:14:36","modified_gmt":"2021-02-11T16:14:36","slug":"amazonas-maerzapril-2009-wels-presseschau","status":"publish","type":"post","link":"https:\/\/www.suedamerikafans.de\/en\/amazonas-maerzapril-2009-wels-presseschau\/","title":{"rendered":"Amazonas M\u00e4rz\/April 2009 &#8211; &#8220;Wels-Presseschau&#8221;"},"content":{"rendered":"<p>Es gibt vier Artikel, die ich Euch vorstellen m\u00f6chte:<\/p>\n<p><\/p>\n<h3>Stefan K. Hetz &#8220;Can you hear me?&#8221;<\/h3>\n<p>Der m. E. am interessanteste Artikel stammt von Stefan K. Hetz. &#8220;Can you hear me?&#8221;. Stefan berichtet von einer <a href=\"http:\/\/jeb.biologists.org\/content\/211\/10\/1681.full\" target=\"_blank\" rel=\"noopener\">Untersuchung an der Universit\u00e4t Wien<\/a>. Dort wurden sechs freischwimmende Welsfamilien mit gut ausgebildeten Schwimmblasen mit f\u00fcnf Welsarten aus den Unterfamilien <em>Callichthyidae<\/em> und <em>Loricariidae<\/em> verglichen, welche reduzierte Schwimmblasen besitzen. Die Untersuchungsergebnisse lassen darauf schlie\u00dfen, dass die reduzierten Schwimmblasen f\u00fcr das H\u00f6ren dienlich sind.<\/p>\n<p><\/p>\n<h3>Wolfgang Kochsiek &#8220;Ancistrus sp. &#8216;Rio Paraguay&#8217; &#8211; Der kleine rotbraun Gefleckte aus Paraguay&#8221;<\/h3>\n<p>In dem Artikel geht Wolfgang Kochsiek auf Pflege und Zucht von <a href=\"https:\/\/www.suedamerikafans.de\/wels-datenbank\/welsart\/?art=1612\" target=\"_blank\" rel=\"noopener\"><span id=\"lk\">Ancistrus<\/span> sp. &#8216;Rio Paraguay&#8217;<\/a> ein.<\/p>\n<p><\/p>\n<h3>Hans-Georg Evers &#8220;Neue Panzerwelse aus Peru&#8221;<\/h3>\n<p>Hans berichtet von Panzerwelsen, die er aus dem Gebiet des Rio Madre de Dios erhalten hat. Das sind: <\/p>\n<ul>\n<li><em>Corydoras<\/em> sp. &#8220;CW 032&#8221;<\/li>\n<li>ein klein bleibender Panzerwels, der \u00e4hnlich zu <em>Corydoras aeneus<\/em> ist<\/li>\n<li>eine zu <em>Corydoras julii<\/em> \u00e4hnliche Art und<\/li>\n<li>eine zu <em>Corydoras leopardus<\/em> \u00e4hnliche Art.<\/li>\n<\/ul>\n<p><\/p>\n<h3>Mathias Teucke &#8220;Aspidoras spilotus&#8221;<\/h3>\n<p>Mathias berichtet uns von Aspidoras spilotus, die sich bei ihm im Gesellschaftsbecken nahezu von alleine vermehrt haben.<\/p>\n<p>\nViel Spa\u00df beim Lesen. <\/p>\n","protected":false},"excerpt":{"rendered":"<p>Es gibt vier Artikel, die ich Euch vorstellen m\u00f6chte: Stefan K. Hetz &#8220;Can you hear me?&#8221; Der m. E. am [&hellip;]<\/p>\n","protected":false},"author":1,"featured_media":0,"comment_status":"closed","ping_status":"closed","sticky":false,"template":"","format":"standard","meta":{"om_disable_all_campaigns":false,"_monsterinsights_skip_tracking":false,"ngg_post_thumbnail":0,"footnotes":""},"categories":[51,62],"tags":[2624,2625,627,2626,171,2627],"class_list":["post-34058","post","type-post","status-publish","format-standard","hentry","category-amazonas-en","category-catfish-press-review","tag-ancistrus-sp-rio-paraguay-en","tag-aspidoras-spilotus-en","tag-corydoras-aeneus-en-2","tag-corydoras-julii-en","tag-corydoras-leopardus-en","tag-corydoras-sp-cw-32-en"],"yoast_head":"<!-- This site is optimized with the Yoast SEO plugin v28.3 - https:\/\/yoast.com\/product\/yoast-seo-wordpress\/ -->\n<title>Amazonas M\u00e4rz\/April 2009 - &quot;Wels-Presseschau&quot; - S&uuml;damerikafans<\/title>\n<meta name=\"robots\" content=\"index, follow, max-snippet:-1, max-image-preview:large, max-video-preview:-1\" \/>\n<link rel=\"canonical\" href=\"https:\/\/www.suedamerikafans.de\/en\/amazonas-maerzapril-2009-wels-presseschau\/\" \/>\n<meta property=\"og:locale\" content=\"en_US\" \/>\n<meta property=\"og:type\" content=\"article\" \/>\n<meta property=\"og:title\" content=\"Amazonas M\u00e4rz\/April 2009 - &quot;Wels-Presseschau&quot; - S&uuml;damerikafans\" \/>\n<meta property=\"og:description\" content=\"Es gibt vier Artikel, die ich Euch vorstellen m\u00f6chte: Stefan K. Hetz &#8220;Can you hear me?&#8221; Der m. E. am [&hellip;]\" \/>\n<meta property=\"og:url\" content=\"https:\/\/www.suedamerikafans.de\/en\/amazonas-maerzapril-2009-wels-presseschau\/\" \/>\n<meta property=\"og:site_name\" content=\"Southamerica fans\" \/>\n<meta property=\"article:published_time\" content=\"2009-03-02T12:15:09+00:00\" \/>\n<meta property=\"article:modified_time\" content=\"2021-02-11T16:14:36+00:00\" \/>\n<meta name=\"author\" content=\"elko\" \/>\n<meta name=\"twitter:card\" content=\"summary_large_image\" \/>\n<meta name=\"twitter:label1\" content=\"Written by\" \/>\n\t<meta name=\"twitter:data1\" content=\"elko\" \/>\n\t<meta name=\"twitter:label2\" content=\"Est. reading time\" \/>\n\t<meta name=\"twitter:data2\" content=\"1 minute\" \/>\n<script type=\"application\/ld+json\" class=\"yoast-schema-graph\">{\"@context\":\"https:\\\/\\\/schema.org\",\"@graph\":[{\"@type\":\"Article\",\"@id\":\"https:\\\/\\\/www.suedamerikafans.de\\\/en\\\/amazonas-maerzapril-2009-wels-presseschau\\\/#article\",\"isPartOf\":{\"@id\":\"https:\\\/\\\/www.suedamerikafans.de\\\/en\\\/amazonas-maerzapril-2009-wels-presseschau\\\/\"},\"author\":{\"name\":\"elko\",\"@id\":\"https:\\\/\\\/www.suedamerikafans.de\\\/en\\\/#\\\/schema\\\/person\\\/a12b5fd2644a8b700e5f1c1c6afc2e43\"},\"headline\":\"Amazonas M\u00e4rz\\\/April 2009 &#8211; &#8220;Wels-Presseschau&#8221;\",\"datePublished\":\"2009-03-02T12:15:09+00:00\",\"dateModified\":\"2021-02-11T16:14:36+00:00\",\"mainEntityOfPage\":{\"@id\":\"https:\\\/\\\/www.suedamerikafans.de\\\/en\\\/amazonas-maerzapril-2009-wels-presseschau\\\/\"},\"wordCount\":193,\"publisher\":{\"@id\":\"https:\\\/\\\/www.suedamerikafans.de\\\/en\\\/#\\\/schema\\\/person\\\/a12b5fd2644a8b700e5f1c1c6afc2e43\"},\"keywords\":[\"Ancistrus sp. &#8222;Rio Paraguay&#8220;\",\"Aspidoras spilotus\",\"Corydoras aeneus\",\"Corydoras julii\",\"Corydoras leopardus\",\"Corydoras sp. &#8222;CW 32&#8220;\"],\"articleSection\":[\"Amazonas\",\"Catfish press review\"],\"inLanguage\":\"en-US\"},{\"@type\":\"WebPage\",\"@id\":\"https:\\\/\\\/www.suedamerikafans.de\\\/en\\\/amazonas-maerzapril-2009-wels-presseschau\\\/\",\"url\":\"https:\\\/\\\/www.suedamerikafans.de\\\/en\\\/amazonas-maerzapril-2009-wels-presseschau\\\/\",\"name\":\"Amazonas M\u00e4rz\\\/April 2009 - \\\"Wels-Presseschau\\\" -\",\"isPartOf\":{\"@id\":\"https:\\\/\\\/www.suedamerikafans.de\\\/en\\\/#website\"},\"datePublished\":\"2009-03-02T12:15:09+00:00\",\"dateModified\":\"2021-02-11T16:14:36+00:00\",\"breadcrumb\":{\"@id\":\"https:\\\/\\\/www.suedamerikafans.de\\\/en\\\/amazonas-maerzapril-2009-wels-presseschau\\\/#breadcrumb\"},\"inLanguage\":\"en-US\",\"potentialAction\":[{\"@type\":\"ReadAction\",\"target\":[\"https:\\\/\\\/www.suedamerikafans.de\\\/en\\\/amazonas-maerzapril-2009-wels-presseschau\\\/\"]}]},{\"@type\":\"BreadcrumbList\",\"@id\":\"https:\\\/\\\/www.suedamerikafans.de\\\/en\\\/amazonas-maerzapril-2009-wels-presseschau\\\/#breadcrumb\",\"itemListElement\":[{\"@type\":\"ListItem\",\"position\":1,\"name\":\"Startseite\",\"item\":\"https:\\\/\\\/www.suedamerikafans.de\\\/en\\\/\"},{\"@type\":\"ListItem\",\"position\":2,\"name\":\"Amazonas M\u00e4rz\\\/April 2009 &#8211; &#8220;Wels-Presseschau&#8221;\"}]},{\"@type\":\"WebSite\",\"@id\":\"https:\\\/\\\/www.suedamerikafans.de\\\/en\\\/#website\",\"url\":\"https:\\\/\\\/www.suedamerikafans.de\\\/en\\\/\",\"name\":\"S\u00fcdamerikafans\",\"description\":\"... and catfish fans\",\"publisher\":{\"@id\":\"https:\\\/\\\/www.suedamerikafans.de\\\/en\\\/#\\\/schema\\\/person\\\/a12b5fd2644a8b700e5f1c1c6afc2e43\"},\"potentialAction\":[{\"@type\":\"SearchAction\",\"target\":{\"@type\":\"EntryPoint\",\"urlTemplate\":\"https:\\\/\\\/www.suedamerikafans.de\\\/en\\\/?s={search_term_string}\"},\"query-input\":{\"@type\":\"PropertyValueSpecification\",\"valueRequired\":true,\"valueName\":\"search_term_string\"}}],\"inLanguage\":\"en-US\"},{\"@type\":[\"Person\",\"Organization\"],\"@id\":\"https:\\\/\\\/www.suedamerikafans.de\\\/en\\\/#\\\/schema\\\/person\\\/a12b5fd2644a8b700e5f1c1c6afc2e43\",\"name\":\"elko\",\"image\":{\"@type\":\"ImageObject\",\"inLanguage\":\"en-US\",\"@id\":\"https:\\\/\\\/www.suedamerikafans.de\\\/wp-content\\\/uploads\\\/2014\\\/08\\\/l163-600.jpg\",\"url\":\"https:\\\/\\\/www.suedamerikafans.de\\\/wp-content\\\/uploads\\\/2014\\\/08\\\/l163-600.jpg\",\"contentUrl\":\"https:\\\/\\\/www.suedamerikafans.de\\\/wp-content\\\/uploads\\\/2014\\\/08\\\/l163-600.jpg\",\"width\":1,\"height\":1,\"caption\":\"elko\"},\"logo\":{\"@id\":\"https:\\\/\\\/www.suedamerikafans.de\\\/wp-content\\\/uploads\\\/2014\\\/08\\\/l163-600.jpg\"}}]}<\/script>\n<!-- \/ Yoast SEO plugin. -->","yoast_head_json":{"title":"Amazonas M\u00e4rz\/April 2009 - \"Wels-Presseschau\" - S&uuml;damerikafans","robots":{"index":"index","follow":"follow","max-snippet":"max-snippet:-1","max-image-preview":"max-image-preview:large","max-video-preview":"max-video-preview:-1"},"canonical":"https:\/\/www.suedamerikafans.de\/en\/amazonas-maerzapril-2009-wels-presseschau\/","og_locale":"en_US","og_type":"article","og_title":"Amazonas M\u00e4rz\/April 2009 - \"Wels-Presseschau\" - S&uuml;damerikafans","og_description":"Es gibt vier Artikel, die ich Euch vorstellen m\u00f6chte: Stefan K. Hetz &#8220;Can you hear me?&#8221; Der m. E. am [&hellip;]","og_url":"https:\/\/www.suedamerikafans.de\/en\/amazonas-maerzapril-2009-wels-presseschau\/","og_site_name":"Southamerica fans","article_published_time":"2009-03-02T12:15:09+00:00","article_modified_time":"2021-02-11T16:14:36+00:00","author":"elko","twitter_card":"summary_large_image","twitter_misc":{"Written by":"elko","Est. reading time":"1 minute"},"schema":{"@context":"https:\/\/schema.org","@graph":[{"@type":"Article","@id":"https:\/\/www.suedamerikafans.de\/en\/amazonas-maerzapril-2009-wels-presseschau\/#article","isPartOf":{"@id":"https:\/\/www.suedamerikafans.de\/en\/amazonas-maerzapril-2009-wels-presseschau\/"},"author":{"name":"elko","@id":"https:\/\/www.suedamerikafans.de\/en\/#\/schema\/person\/a12b5fd2644a8b700e5f1c1c6afc2e43"},"headline":"Amazonas M\u00e4rz\/April 2009 &#8211; &#8220;Wels-Presseschau&#8221;","datePublished":"2009-03-02T12:15:09+00:00","dateModified":"2021-02-11T16:14:36+00:00","mainEntityOfPage":{"@id":"https:\/\/www.suedamerikafans.de\/en\/amazonas-maerzapril-2009-wels-presseschau\/"},"wordCount":193,"publisher":{"@id":"https:\/\/www.suedamerikafans.de\/en\/#\/schema\/person\/a12b5fd2644a8b700e5f1c1c6afc2e43"},"keywords":["Ancistrus sp. &#8222;Rio Paraguay&#8220;","Aspidoras spilotus","Corydoras aeneus","Corydoras julii","Corydoras leopardus","Corydoras sp. &#8222;CW 32&#8220;"],"articleSection":["Amazonas","Catfish press review"],"inLanguage":"en-US"},{"@type":"WebPage","@id":"https:\/\/www.suedamerikafans.de\/en\/amazonas-maerzapril-2009-wels-presseschau\/","url":"https:\/\/www.suedamerikafans.de\/en\/amazonas-maerzapril-2009-wels-presseschau\/","name":"Amazonas M\u00e4rz\/April 2009 - \"Wels-Presseschau\" -","isPartOf":{"@id":"https:\/\/www.suedamerikafans.de\/en\/#website"},"datePublished":"2009-03-02T12:15:09+00:00","dateModified":"2021-02-11T16:14:36+00:00","breadcrumb":{"@id":"https:\/\/www.suedamerikafans.de\/en\/amazonas-maerzapril-2009-wels-presseschau\/#breadcrumb"},"inLanguage":"en-US","potentialAction":[{"@type":"ReadAction","target":["https:\/\/www.suedamerikafans.de\/en\/amazonas-maerzapril-2009-wels-presseschau\/"]}]},{"@type":"BreadcrumbList","@id":"https:\/\/www.suedamerikafans.de\/en\/amazonas-maerzapril-2009-wels-presseschau\/#breadcrumb","itemListElement":[{"@type":"ListItem","position":1,"name":"Startseite","item":"https:\/\/www.suedamerikafans.de\/en\/"},{"@type":"ListItem","position":2,"name":"Amazonas M\u00e4rz\/April 2009 &#8211; &#8220;Wels-Presseschau&#8221;"}]},{"@type":"WebSite","@id":"https:\/\/www.suedamerikafans.de\/en\/#website","url":"https:\/\/www.suedamerikafans.de\/en\/","name":"S\u00fcdamerikafans","description":"... and catfish fans","publisher":{"@id":"https:\/\/www.suedamerikafans.de\/en\/#\/schema\/person\/a12b5fd2644a8b700e5f1c1c6afc2e43"},"potentialAction":[{"@type":"SearchAction","target":{"@type":"EntryPoint","urlTemplate":"https:\/\/www.suedamerikafans.de\/en\/?s={search_term_string}"},"query-input":{"@type":"PropertyValueSpecification","valueRequired":true,"valueName":"search_term_string"}}],"inLanguage":"en-US"},{"@type":["Person","Organization"],"@id":"https:\/\/www.suedamerikafans.de\/en\/#\/schema\/person\/a12b5fd2644a8b700e5f1c1c6afc2e43","name":"elko","image":{"@type":"ImageObject","inLanguage":"en-US","@id":"https:\/\/www.suedamerikafans.de\/wp-content\/uploads\/2014\/08\/l163-600.jpg","url":"https:\/\/www.suedamerikafans.de\/wp-content\/uploads\/2014\/08\/l163-600.jpg","contentUrl":"https:\/\/www.suedamerikafans.de\/wp-content\/uploads\/2014\/08\/l163-600.jpg","width":1,"height":1,"caption":"elko"},"logo":{"@id":"https:\/\/www.suedamerikafans.de\/wp-content\/uploads\/2014\/08\/l163-600.jpg"}}]}},"_links":{"self":[{"href":"https:\/\/www.suedamerikafans.de\/en\/wp-json\/wp\/v2\/posts\/34058","targetHints":{"allow":["GET"]}}],"collection":[{"href":"https:\/\/www.suedamerikafans.de\/en\/wp-json\/wp\/v2\/posts"}],"about":[{"href":"https:\/\/www.suedamerikafans.de\/en\/wp-json\/wp\/v2\/types\/post"}],"author":[{"embeddable":true,"href":"https:\/\/www.suedamerikafans.de\/en\/wp-json\/wp\/v2\/users\/1"}],"replies":[{"embeddable":true,"href":"https:\/\/www.suedamerikafans.de\/en\/wp-json\/wp\/v2\/comments?post=34058"}],"version-history":[{"count":0,"href":"https:\/\/www.suedamerikafans.de\/en\/wp-json\/wp\/v2\/posts\/34058\/revisions"}],"wp:attachment":[{"href":"https:\/\/www.suedamerikafans.de\/en\/wp-json\/wp\/v2\/media?parent=34058"}],"wp:term":[{"taxonomy":"category","embeddable":true,"href":"https:\/\/www.suedamerikafans.de\/en\/wp-json\/wp\/v2\/categories?post=34058"},{"taxonomy":"post_tag","embeddable":true,"href":"https:\/\/www.suedamerikafans.de\/en\/wp-json\/wp\/v2\/tags?post=34058"}],"curies":[{"name":"wp","href":"https:\/\/api.w.org\/{rel}","templated":true}]}}