{"id":24484,"date":"2015-04-19T18:56:20","date_gmt":"2015-04-19T16:56:20","guid":{"rendered":"https:\/\/www.suedamerikafans.de\/treffen-der-welsfreunde-negast-2015-2\/"},"modified":"2017-03-27T06:31:40","modified_gmt":"2017-03-27T04:31:40","slug":"treffen-der-welsfreunde-negast-2015","status":"publish","type":"post","link":"https:\/\/www.suedamerikafans.de\/en\/treffen-der-welsfreunde-negast-2015\/","title":{"rendered":"Treffen der Welsfreunde &#8211; Negast 2015"},"content":{"rendered":"<p><img decoding=\"async\" title=\"Dr. Peter Debold er\u00f6ffnet das Treffen der Welsfreunde\" src=\"https:\/\/www.suedamerikafans.de\/wp-content\/uploads\/2015\/04\/negast-2015-dr-peter-debold.jpg\"><\/p>\n<h3>Er\u00f6ffnung des Welstreffens in Negast 2015<\/h3>\n<p>Seit mehr als 20 Jahren findet in jedem Fr\u00fchjahr in Negast, nahe Stralsund das Treffen der Welsfreunde&nbsp;statt. Am Wochenende 10.-12. April war es wieder soweit. Bereits am &nbsp;Freitagabend, nach der Anreise gab es interessante Gespr\u00e4chsrunden.&nbsp;Vielen wird es wohl nicht leicht gefallen sein, am Samstagmorgen bereits 8:00 Uhr zur offiziellen Er\u00f6ffnung durch <strong>Dr. Peter Debold<\/strong> zu erscheinen.<\/p>\n<p>&nbsp;<\/p>\n<p><img decoding=\"async\" title=\"Dr. Rainer Hoyer - Borneo - Malaysias wilder Osten\" src=\"https:\/\/www.suedamerikafans.de\/wp-content\/uploads\/2015\/04\/negast-2015-dr-rainer-hoyer.jpg\"><\/p>\n<h3>Rainer Hoyer &#8220;Borneo &#8211; Malaysias wilder Osten&#8221;<\/h3>\n<p>Im ersten Vortrag des Tages entf\u00fchrte und Dr. Rainer Hoyer in den wilden Osten Malaysias. Seine Reise f\u00fchrte \u00fcber Serian, Keningau, Kota Kinabatangan und Sandakan. Rainer zeigte uns diverse Bilder von Tieren \u2013 insbesondere von Fischen und Pflanzen von seiner Tour durch verschiedene National- und Naturparke Borneos wie dem Bako-Nationalpark. An Fischen konnte&nbsp; er unter anderem <em>Homalopteroides tweedei<\/em>, <em>Crossocheilus langei<\/em>, <em>Glyptothorax major<\/em>, <em>Rasbora kalochroma<\/em> und <em>Rasbora einthovenii<\/em> fangen.<\/p>\n<p>&nbsp;<\/p>\n<p><img decoding=\"async\" title=\"Hans-Georg Evers - Warum nicht mal nach Uruguay?\" src=\"https:\/\/www.suedamerikafans.de\/wp-content\/uploads\/2015\/04\/negast-2015-hans-georg-evers-uruguay.jpg\"><\/p>\n<h3>Hans-Georg Evers &#8220;Warum nicht &nbsp;mal nach Uruguay?<\/h3>\n<p>Hans-Georg Evers f\u00fchrte es Anfang 2014 nach Uruguay. Von drei Stationen im Norden Uruguays w\u00e4hrend seiner Fischfang-Tour berichtete er uns etwas ausf\u00fchrlicher, so vom R\u00edo Quarai und vom R\u00edo Tucaaremb\u00f3. Auf der Tour konnten u.a. <em>Leporinus amae<\/em>, <em>Characidium rachovii<\/em>, <a href=\"https:\/\/www.suedamerikafans.de\/wels-datenbank\/welsart\/?art=1954\" target=\"_blank\"><span id=\"lk\">Iheringichthys labrosus<\/span><\/a>, <a href=\"https:\/\/www.suedamerikafans.de\/wels-datenbank\/welsart\/?art=1582\" target=\"_blank\"><span id=\"lk\">Loricariichthys anus<\/span><\/a>, <a href=\"https:\/\/www.suedamerikafans.de\/wels-datenbank\/welsart\/?art=1231\" target=\"_blank\"><span id=\"lk\">Hisonotus charrua<\/span><\/a>, <a href=\"https:\/\/www.suedamerikafans.de\/wels-datenbank\/welsart\/?art=502\" target=\"_blank\"><span id=\"lk\">Ancistrus cirrhosus<\/span><\/a>, <a href=\"https:\/\/www.suedamerikafans.de\/wels-datenbank\/welsart\/?art=1288\" target=\"_blank\"><span id=\"lk\">Otocinclus arnoldi<\/span><\/a> sowie diverse <em>Corydoras<\/em> gefangen werden.<\/p>\n<p>Hans berichtete auch von der Nachzucht von <em>Otocinclus arnoldi<\/em>, die in einem Rutsch 500-600 Eier gelegt haben. Der Schlupf erfolgte am 2. Tag. Nach 4 Wochen hatten die Kleinen eine Gr\u00f6\u00dfe von ca. 20 mm erreicht. Die Aufzucht gelang problemlos mit R\u00e4dertierchen.<\/p>\n<p>&nbsp;<\/p>\n<p><img decoding=\"async\" title=\"Erik Schiller - Meine s\u00fcdamerikanischen Welssonderlinge\" src=\"https:\/\/www.suedamerikafans.de\/wp-content\/uploads\/2015\/04\/negast-2015-erik-schiller.jpg\"><\/p>\n<h3>Eirk Schiller &#8220;Meine s\u00fcdamerikanische Welssonderlinge&#8221;<\/h3>\n<p>Erik Schiller wird meist mit <em>Corydoras<\/em> in Verbindung gebracht. Erik pflegt jedoch auch noch ein paar andere s\u00fcdamerikanische Welse. \u201eMeine s\u00fcdamerikanischen Welssonderlinge\u201c so der Titel seines Vortrages. Hier ging es um den Schmerlenwelse <em>Ituglanis<\/em> cf. <em>amazonicus<\/em>, <em>Ituglanis<\/em> cf. <em>metae<\/em>, die Trugdornwelse <em>Trachelyichthys<\/em> sp. &#8220;Jutai&#8221;, <a href=\"https:\/\/www.suedamerikafans.de\/wels-datenbank\/welsart\/?art=1839\" target=\"_blank\"><span id=\"lk\">Tatia dunni<\/span><\/a>, <a href=\"https:\/\/www.suedamerikafans.de\/wels-datenbank\/welsart\/?art=1841\" target=\"_blank\"><span id=\"lk\">Tatia gyrina<\/span><\/a>, <a href=\"https:\/\/www.suedamerikafans.de\/wels-datenbank\/welsart\/?art=1840\" target=\"_blank\"><span id=\"lk\">Tatia galaxias<\/span><\/a>, <a href=\"https:\/\/www.suedamerikafans.de\/wels-datenbank\/welsart\/?art=1844\" target=\"_blank\"><span id=\"lk\">Tatia musaica<\/span><\/a>, <a href=\"https:\/\/www.suedamerikafans.de\/wels-datenbank\/welsart\/?art=1846\" target=\"_blank\"><span id=\"lk\">Centromochlus perugiae<\/span><\/a>, <a href=\"https:\/\/www.suedamerikafans.de\/wels-datenbank\/welsart\/?art=1823\" target=\"_blank\"><span id=\"lk\">Centromochlus schultzi<\/span><\/a>, <a href=\"https:\/\/www.suedamerikafans.de\/wels-datenbank\/welsart\/?art=1821\" target=\"_blank\"><span id=\"lk\">Centromochlus reticulatus<\/span><\/a>, <em>Cetopsis orinoco<\/em>, <a href=\"https:\/\/www.suedamerikafans.de\/wels-datenbank\/welsart\/?art=1800\" target=\"_blank\"><span id=\"lk\">Trachelyopterus galeatus<\/span><\/a>, <a href=\"https:\/\/www.suedamerikafans.de\/wels-datenbank\/welsart\/?art=1794\" target=\"_blank\"><span id=\"lk\">Trachelyopterichthys taeniatus<\/span><\/a>.<\/p>\n<p>&nbsp;<\/p>\n<p><img decoding=\"async\" title=\"Wolfgang Schmalz - Eingriffe in Gew\u00e4sser\" src=\"https:\/\/www.suedamerikafans.de\/wp-content\/uploads\/2015\/04\/negast-2015-wolfgang-schmalz.jpg\"><\/p>\n<h3>Wolfgang Schmalz &#8220;Eingriffe im Gew\u00e4sser&#8221;<\/h3>\n<p>Der Vortrag von Wolfgang Schmalz \u201eEingriffe im Gew\u00e4sser\u201c fiel etwas aus der Reihe. Hier ging es um Untersuchungen, welchen Einfluss Ver\u00e4nderungen in den Gew\u00e4ssern auf die Fische haben, wie Fischtreppen wirken (oder auch nicht). Sehr interessant! Auch hat Wolfgang uns darauf aufmerksam gemacht, dass man durchaus auch in Brasilien von derartigen Erkenntnissen in Deutschland profitieren m\u00f6chte. (Siehe &#8220;<a href=\"http:\/\/www.energie-impuls-owl.de\/fileadmin\/redakteure\/energie_impuls\/Presseartikel\/Presseartikel_04-06_Apr-Jun_08\/2008_06_13_NW_Hoextersche_Kreiszeitung_Ein_Fischpass_der_Superlative.pdf\">Ein Fischpass der Superlative<\/a>&#8220;) Berechtigter Weise stellt er aber auch in Frage, ob man so einfach deutsche Ergebnisse auf brasilianische Verh\u00e4ltnisse adaptieren kann.<\/p>\n<p>Im Zusammenhang mit der Recherche bin ich noch auf eine Leseprobe der Bauhaus-Uni Weimar gesto\u00dfen. Wie Wolfgang verraten hat, bearbeitet seine Frau \u00e4hnliche Themen wie er. An der Leseprobe hat sie mitgearbeitet: &#8220;<a href=\"https:\/\/www.uni-weimar.de\/Bauing\/wbbau\/service\/druck\/pdf\/buch_ww46_leseprobe.pdf\" target=\"_blank\">Durchg\u00e4ngigkeit und Habitatmodellierung von Flie\u00dfgew\u00e4ssern<\/a>&#8221;<\/p>\n<p>&nbsp;<\/p>\n<p><img decoding=\"async\" title=\"Erwin Schraml - Neuigkeiten zu Synodontis\" src=\"https:\/\/www.suedamerikafans.de\/wp-content\/uploads\/2015\/04\/negast-2015-erwin-schraml.jpg\"><\/p>\n<h3>Erik Schraml &#8220;Neuigkeiten zu Synodontis&#8221;<\/h3>\n<p>Erwin Schraml entf\u00fchrte uns in die Welt der <em>Synodontis<\/em>, Er berichtete zum Beispiel \u00fcber <em>Synodontis melanosticus<\/em>, <em>Synodontis nigromaculatus<\/em>, <em>Syndontis lucipinnis<\/em>, <em>Syndontis ilebrevis<\/em>, <em>Syndontis irsacae<\/em>, <em>Syndontis<\/em> sp. aff. <em>irsacae<\/em>.<\/p>\n<p>&nbsp;<\/p>\n<p><img decoding=\"async\" title=\"Thomas Johannes - Neue Kopfsteher im Wedding\" src=\"https:\/\/www.suedamerikafans.de\/wp-content\/uploads\/2015\/04\/negast-2015-thomas-johannes.jpg\"><\/p>\n<h3>Thomas Johannes &#8220;Neue Kopfsteher im Wedding&#8221;<\/h3>\n<p>Thomas Johannes berichtete uns \u00fcber seine Pfleglinge im Laufe der Zeit, Hier ging es dann um Fische aus den Gattungen <em>Anostomus<\/em>, <em>Hypomasticus<\/em>, <em>Leporinus<\/em>, <em>Petulanos<\/em>, <em>Sartor<\/em> usw.<\/p>\n<p>&nbsp;<\/p>\n<p><img decoding=\"async\" title=\"Ingo Seidel - Faszination Hexenwelse\" src=\"https:\/\/www.suedamerikafans.de\/wp-content\/uploads\/2015\/04\/negast-2015-ingo-seidel.jpg\"><\/p>\n<h3>Ingo Seidel &#8220;Faszination Hexenwelse&#8221;<\/h3>\n<p>Ingo Seidel gab uns in seinem Vortrag einen \u00dcberblick \u00fcber die Unterfamilie <em style=\"line-height: 1.5;\">Loricariinae<\/em>. Zun\u00e4chst informierte er \u00fcber die aktuelle Einordnung, dabei kam er auch auf die Arbeit von Lujan, N.K., Armbruster, J.W., Lovejoy, N. &amp; L\u00f3pez-Fern\u00e1ndez, H. (2014): <em>Multilocus molecular phylogeny of the suckermouth armored catfishes (Siluriformes: Loricariidae) with a focus on subfamily Hypostominae.<\/em> Molecular Phylogenetics and Evolution, September 2014 zu sprechen. Aus der u.a. hervorgeht, dass der Tribus <em>Rhinelepini<\/em> nun in den Status einer Unterfamilie, <span id=\"lk\"><a href=\"https:\/\/www.suedamerikafans.de\/wels-datenbank\/gefunden\/?db_unterfamilie=106&#038;db_bilder=ja\" target=\"_blank\">Rhinelepinae<\/a><\/span> \u00fcberf\u00fchrt wurde.<\/p>\n<p><span id=\"lk\"><a href=\"https:\/\/www.suedamerikafans.de\/wels-datenbank\/gefunden\/?db_unterfamilie=106&#038;db_bilder=ja\" target=\"_blank\">Loricariinae<\/a><\/span> bestehen derzeit aus zwei Tribe, <span id=\"lk\"><a href=\"https:\/\/www.suedamerikafans.de\/wels-datenbank\/tribus\/?tribus_name=Harttiini\" target=\"_blank\">Harttiini<\/a><\/span> und <span id=\"lk\"><a href=\"https:\/\/www.suedamerikafans.de\/wels-datenbank\/tribus\/?tribus_name=Loricariini\" target=\"_blank\">Loricariini<\/a><\/span>. Die <em>Loricariini<\/em> teilen sich noch in die Subtribe <em>Loricariina<\/em> und <em>Sturisomina<\/em>. (Nach Covain et.&nbsp; al.,2008).<\/p>\n<p>Ingo nannte uns die jeweiligen Merkmale, die jeweilige Vermehrungsstrategie und die jeweils zugeh\u00f6rigen Gattungen. Zu den Gattungen nannte er uns dann die Typusart, die Anzahl der beschriebenen Arten, den Gr\u00f6\u00dfenbereich der Tiere, die Verteilung und die konkreten Arten, sowie die Geschlechtsunterschiede.<\/p>\n<p>&nbsp;<\/p>\n<p><img decoding=\"async\" title=\"Hans-Georg Evers\" src=\"https:\/\/www.suedamerikafans.de\/wp-content\/uploads\/2015\/04\/negast-2015-hans-georg-evers-peru.jpg\"><\/p>\n<h3>Hans Georg Evers &#8220;Zur Mutter Gottes &#8211; Peru 2014&#8221;<\/h3>\n<p>Eine weitere Reise f\u00fchrte Hans-Georg Evers 2014 zum Madre des D\u00edos. Hier ging Hans-Georg mit einer Gruppe sehr motivierter Fischtouristen auf Tour. Im Madre de D\u00edos kannten sie u.a. folgende Fische fangen: <a href=\"https:\/\/www.suedamerikafans.de\/wels-datenbank\/welsart\/?art=700\" target=\"_blank\"><span id=\"lk\">Lamontichthys filamentosus<\/span><\/a>, <a href=\"https:\/\/www.suedamerikafans.de\/wels-datenbank\/welsart\/?art=781\" target=\"_blank\"><span id=\"lk\">Aphanotorulus unicolor<\/span><\/a>, <a href=\"https:\/\/www.suedamerikafans.de\/wels-datenbank\/welsart\/?art=196\" target=\"_blank\"><span id=\"lk\">Squaliforma emarginata<\/span><\/a>, <a href=\"https:\/\/www.suedamerikafans.de\/wels-datenbank\/welsart\/?art=1750\" target=\"_blank\"><span id=\"lk\">Ageneiosus ucayalensis<\/span><\/a>, <a href=\"https:\/\/www.suedamerikafans.de\/wels-datenbank\/welsart\/?art=1903\" target=\"_blank\"><span id=\"lk\">Sorubim lima<\/span><\/a>, <em>Cetopsis coecutiens<\/em>, <em>Pseudostegophilus nemurus<\/em>, <a href=\"https:\/\/www.suedamerikafans.de\/wels-datenbank\/welsart\/?art=658\" target=\"_blank\"><span id=\"lk\">Crossoloricaria rhami<\/span><\/a>, <em>Anchoviella carrikeri<\/em>, <em>Cichlasoma amazonarum<\/em>, <em>Erythrinus erythrinus<\/em>, <em>Moenkhausia dichroura<\/em>, <em>Paragoniatates albumus<\/em>, <em>Camegiella myersi<\/em>.<\/p>\n<p>Die zweite Tour f\u00fchrte zum R\u00edo Inambari, wo illegale Goldsucher die Gruppe mit der Begr\u00fcndung vertreiben wollte, dass die Fischtouris das Gew\u00e4sser verunreinigen w\u00fcrden. In einem Zufluss, dem R\u00edo Avispa gingen der Gruppe einige Fische ins Netz: <a href=\"https:\/\/www.suedamerikafans.de\/wels-datenbank\/welsart\/?art=672\" target=\"_blank\"><span id=\"lk\">Crossoloricaria bahuaja<\/span><\/a>, <em>Bujurquina cordemadi<\/em>.<\/p>\n<p>Ein weiteres Ziel waren den S\u00fcmpfe bei Santa Rita, in denen auch verschiedene <em>Corydoras<\/em> anzutreffen waren: <em>Corydoras<\/em> sp. \u201eCW32\u201c, <em>Corydoras<\/em> sp. \u201eCW40\u201c, <em>Corydoras<\/em> sp. \u201eCW41\u201c, <em>Corydoras<\/em> sp. \u201eCW62\u201c, <em>Corydoras<\/em> sp. \u201eC115\u201c, <em>Corydoras<\/em> sp. \u201eC116\u201c. \u00dcber seine Beobachtung bzgl. des Zusammenleben der verschiedenen Arten hatte Hans schon in seinem Artikel &#8220;Panzerwelsschlacht am K\u00e4sebach&#8221; in der Amazonas November\/Dezember 2014 &nbsp;(<a href=\"https:\/\/www.suedamerikafans.de\/amazonas-novdez-2014-wels-presseschau\/\" target=\"_blank\">s.h. Wels-Presseschau<\/a>) aufmerksam gemacht. Weiterhin konnten dort nachgewiesen werden: <em>Hyphessobrycon pando<\/em>, <em>Hyphessobrycon taphorni<\/em>, <em>Acestrorhynchus falcatus<\/em>, <em>Potamorhaphis guianensis<\/em>, <em>Ramphichtys<\/em> sp., <em>Helogenes marmoratus<\/em>, <em>Chasmocranus<\/em> sp., <em>Tridensimilis brevis<\/em>, <a href=\"https:\/\/www.suedamerikafans.de\/wels-datenbank\/welsart\/?art=1842\" target=\"_blank\"><span id=\"lk\">Tatia intermedia<\/span><\/a>, <em>Crenicichla semisincta<\/em>, <em>Satanoperca jurupari<\/em>, <a href=\"https:\/\/www.suedamerikafans.de\/wels-datenbank\/welsart\/?art=1087\" target=\"_blank\"><span id=\"lk\">Hemiloricaria wolfei<\/span><\/a>.<\/p>\n<p>&nbsp;<\/p>\n<p><img decoding=\"async\" title=\"Kai A. Quante - Haltung und Zucht der Panda-Bergbachschmerle\" src=\"https:\/\/www.suedamerikafans.de\/wp-content\/uploads\/2015\/04\/negast-2015-kai-a-quante.jpg\"><\/p>\n<h3>Kai A. Quante &#8220;Haltung und Zucht der Panda-Bergschmerle&#8221;<\/h3>\n<p>Kai A. Quante hatte sich am Zuchtprojekt der Panda-Bergbachschmerle (<em>Yaoshania pachychilus<\/em>) beteiligt. Kai berichtete uns in seinem Vortrag \u00fcber seine Erfahrungen. Wie er nach der Vermehrung feststellte, wurden f\u00fcr das Zuchtprojekt Tiere verteilt, die erst ca. 2 Monate alt waren. Im Alter von ca. 1 Jahr haben sich diese Pandaschmerlen dann vermehrt. Bei den Nachzuchten zeigte sich, dass die Tiere die bekannte sch\u00f6ne F\u00e4rbung etwa im Alter von 2 Monaten haben und sich dann immer mehr zu \u201egrauen M\u00e4usen\u201c entwickeln, die f\u00fcr den Handel nicht mehr relevant sind. Auch erkl\u00e4rt dieses, warum der Import dieser Tiere so schwierig und teuer ist. Nachdem sich die Schmerlenfreaks mit diesen Tieren eingedeckt haben, wird sie sicherlich auch aus dem Handel verschwinden.<\/p>\n<p>&nbsp;<\/p>\n<p><img decoding=\"async\" title=\"Armin Senger - Eckhard Fischer - Aquarianer-Safari in Trinidad 2014\" src=\"https:\/\/www.suedamerikafans.de\/wp-content\/uploads\/2015\/04\/negast-2015-armin-senger-eckhard-fischer.jpg\"><\/p>\n<h3>Armin Senger und Eckhard Fischer &#8220;Aquarianer-Safari in Trinidad 2014&#8221;<\/h3>\n<p>Armin Senger und Eckhard Fischer waren auf Fischfang in Trinidad, dem Land der Erstbeschreibung von <em>Corydoras aeneus<\/em>. An acht verschiedenen Stationen, \u00fcber die ganze Insel verteilt, machten sie die Gew\u00e4sser \u201eunsicher\u201c. Unter anderem konnten sie <em>Ctenogobius fasciatus<\/em>, <em>Jonga serrei<\/em>, <em>Analepsoides harttii<\/em>, <a href=\"https:\/\/www.suedamerikafans.de\/wels-datenbank\/welsart\/?art=870\" target=\"_blank\"><span id=\"lk\">Ancistrus maracasae<\/span><\/a>, <em><a href=\"https:\/\/www.suedamerikafans.de\/wels-datenbank\/welsart\/?art=539\" target=\"_blank\"><span id=\"lk\">Hypostomus robinii<\/span><\/a><\/em>, <em>Astynax bimaculatus<\/em>, <em>Andinocara pulcher<\/em>, <em>Crenicichla frenata<\/em>, <em>Agonostomus monti<\/em>, <em>Odontostilbe pulchra<\/em>, <em>Hemigrammus unilineatus<\/em>, <em>Poecilia reticulata<\/em>, <em>Hyphessobrycon<\/em> sp., <em>Triportheus auritus<\/em>, <em>Corydoras<\/em> sp.aff. <em>aeneus<\/em> und <em>Tarpun atlanticus<\/em> fangen. Der Valencia River war wohl die interessanteste Station.<\/p>\n<p>&nbsp;<\/p>\n<p><img decoding=\"async\" title=\"Martin Grimm - Faszination Amphilius\" src=\"https:\/\/www.suedamerikafans.de\/wp-content\/uploads\/2015\/04\/negast-2015-martin-grimm.jpg\"><\/p>\n<h3>Martin Grimm &#8220;Faszination Amphilius&#8221;<\/h3>\n<p>Martin Grimm war w\u00e4hrend der letzten Jahre als Arzt ohne Grenzen in Afrika. In seiner dienstfreien Zeit suchte er dort nach Fischen. Die Welse der Gattung <em>Amphilius<\/em> haben sein besonderes Interesse geweckt, so zum Beispiel <em>Amphilius uranoscopus<\/em>.<\/p>\n<p>&nbsp;<\/p>\n<p><img decoding=\"async\" title=\"Dietmar Franz - Mal wieder was Neues von Schwielenwelsen\" src=\"https:\/\/www.suedamerikafans.de\/wp-content\/uploads\/2015\/04\/negast-2015-dietmar-franz.jpg\"><\/p>\n<h3>Dietmar Franz &#8220;Mal wieder was Neues von Schwielenwelsen&#8221;<\/h3>\n<p>Dietmar Franz informierte uns \u00fcber \u201ealte Probleme\u201c und aktuelle Erkenntnisse zu den Schwielenwelsen. Dabei hat Dieter u.a. auf die Arbeit <a href=\"http:\/\/repositorio.pucrs.br\/dspace\/handle\/10923\/5538\" target=\"_blank\">Rela\u00e7\u00f5es filogen\u00e9ticas das esp\u00e9cies da fam\u00edlia Callichthyidae: (Ostariophysi, Siluriformes) von Vera-Alcaraz <\/a>verwiesen. Unter anderem ging es auch um <em>Megalechis picta<\/em><strong>, <\/strong><em>Callichthys callichthys<\/em> und <em>Hoplosternum littorale<\/em>.Dietmar machte auch darauf aufmerksam, dass man die Arten anhand der Knochenplatten am Schwanzansatz unterscheiden kann.<\/p>\n<h3>Verabschiedung vom Welstreffen 2015<\/h3>\n<p>Es war wieder ein sehr interessantes und sch\u00f6nes Treffen der Welsfreunde in Negast. Vielen Dank an <strong>Dr. Peter Debold<\/strong> f\u00fcr die Organisation und allen Referenten f\u00fcr ihre Vortr\u00e4ge. Bis zum n\u00e4chsten Wels-Highlight &#8211; <a href=\"https:\/\/www.suedamerikafans.de\/en\/?p=12104\" target=\"_blank\">21. Wels-Fantreffen, Chemnitz, 05.09.2015<\/a>.<\/p>\n<p>&nbsp;<\/p>\n<p>Titelbild: Jagdgasthof Negast &#8211; der allj\u00e4hrliche Tagungsort<\/p>\n","protected":false},"excerpt":{"rendered":"<p>Er\u00f6ffnung des Welstreffens in Negast 2015 Seit mehr als 20 Jahren findet in jedem Fr\u00fchjahr in Negast, nahe Stralsund das [&hellip;]<\/p>\n","protected":false},"author":1,"featured_media":24374,"comment_status":"open","ping_status":"closed","sticky":false,"template":"","format":"standard","meta":{"om_disable_all_campaigns":false,"_monsterinsights_skip_tracking":false,"ngg_post_thumbnail":0,"footnotes":""},"categories":[50,1593],"tags":[722,723,724,725,726,727,728,729,730,731,732,733,734,735,736,737,738,739,740,741,742,743,744,745,746,747,748,749,750,751,752,753,754,755,756,757,758,759,760,761,762,763,764,765,766,767,768,769,770,771,1371,1031,1372,1032,1373,1374,1375,1376,340,1377,1378,1379,1380,1381,1382,1383,1384,1385,1386,1387,1388,1389,1390,1391,565,1392,283,566,1393,1394,1395,1396,1397,1398,1399,1400],"class_list":["post-24484","post","type-post","status-publish","format-standard","has-post-thumbnail","hentry","category-events","category-negast-en","tag-acestrorhynchus-falcatus-en","tag-ageneiosus-ucayalensis-en","tag-agonostomus-monti-en","tag-analepsoides-harttii-en","tag-anchoviella-carrikeri-en","tag-ancistrus-cirrhosus-en","tag-ancistrus-maracasae-en","tag-andinocara-pulcher-en","tag-aphanotorulus-unicolor-en","tag-astynax-bimaculatus-en","tag-bujurquina-cordemadi-en","tag-callichthys-callichthys-en","tag-camegiella-myersi-en","tag-centromochlus-perugiae-en","tag-centromochlus-reticulatus-en","tag-centromochlus-schultzi-en","tag-cetopsis-coecutiens-en","tag-cetopsis-orinoco-en","tag-characidium-rachovii-en","tag-chasmocranus-sp-en","tag-cichlasoma-amazonarum-en","tag-corydoras-sp-c115-en-2","tag-corydoras-sp-cw40-en-2","tag-corydoras-sp-cw41-en-2","tag-corydoras-sp-cw62-en-2","tag-corydoras-sp-c116-en-2","tag-corydoras-sp-cw32-en","tag-corydoras-sp-aff-aeneus-en","tag-crenicichla-frenata-en","tag-crenicichla-semisincta-en","tag-crossoloricaria-bahuaja-en","tag-crossoloricaria-rhami-en","tag-ctenogobius-fasciatus-en","tag-erythrinus-erythrinus-en","tag-harttiini-en","tag-helogenes-marmoratus-en","tag-hemigrammus-unilineatus-en","tag-hemiloricaria-wolfei-en","tag-hisonotus-charrua-en","tag-hoplosternum-littorale-en","tag-hyphessobrycon-pando-en","tag-hyphessobrycon-sp-en","tag-hyphessobrycon-taphorni-en","tag-hypostomus-robinii-en","tag-iheringichthys-labrosus-en","tag-ituglanis-amazonicus-en","tag-ituglanis-metae-en","tag-jonga-serrei-en","tag-lamontichthys-filamentosus-en","tag-leporinus-amae-en","tag-loricariichthys-anus-en","tag-loricariina-en","tag-loricariinae-en","tag-loricariini-en","tag-madre-des-dos-en","tag-megalechis-picta-en","tag-moenkhausia-dichroura-en","tag-odontostilbe-pulchra-en","tag-otocinclus-arnoldi-en","tag-paragoniatates-albumus-en","tag-poecilia-reticulata-en","tag-potamorhaphis-guianensis-en","tag-pseudostegophilus-nemurus-en","tag-ramphichtys-sp-en","tag-ro-avispa-en","tag-ro-inambari-en","tag-ro-quarai-en","tag-ro-tucaaremb-en","tag-satanoperca-jurupari-en","tag-sorubim-lima-en","tag-squaliforma-emarginata-en","tag-sturisomina-en","tag-suempfe-bei-santa-rita-en","tag-tarpun-atlanticus-en","tag-tatia-dunni-en","tag-tatia-galaxias-en","tag-tatia-gyrina-en","tag-tatia-intermedia-en","tag-tatia-musaica-en","tag-trachelyichthys-sp-jutai-en","tag-trachelyopterichthys-taeniatus-en","tag-trachelyopterus-galeatus-en","tag-tridensimilis-brevis-en","tag-triportheus-auritus-en","tag-valencia-river-en","tag-welstreffen-negast-en"],"yoast_head":"<!-- This site is optimized with the Yoast SEO plugin v28.3 - https:\/\/yoast.com\/product\/yoast-seo-wordpress\/ -->\n<title>Treffen der Welsfreunde - Negast 2015 - S&uuml;damerikafans<\/title>\n<meta name=\"description\" content=\"Welstreffen Negast 2015: Malaysia, Uruguay, Synodontis, Kopfsteher, Hexenwelse, Peru, Panda-Bergschmerle, Trinidad, Amphilius, Schwielenwelse\" \/>\n<meta name=\"robots\" content=\"index, follow, max-snippet:-1, max-image-preview:large, max-video-preview:-1\" \/>\n<link rel=\"canonical\" href=\"https:\/\/www.suedamerikafans.de\/en\/treffen-der-welsfreunde-negast-2015\/\" \/>\n<meta property=\"og:locale\" content=\"en_US\" \/>\n<meta property=\"og:type\" content=\"article\" \/>\n<meta property=\"og:title\" content=\"Treffen der Welsfreunde - Negast 2015 - S&uuml;damerikafans\" \/>\n<meta property=\"og:description\" content=\"Welstreffen Negast 2015: Malaysia, Uruguay, Synodontis, Kopfsteher, Hexenwelse, Peru, Panda-Bergschmerle, Trinidad, Amphilius, Schwielenwelse\" \/>\n<meta property=\"og:url\" content=\"https:\/\/www.suedamerikafans.de\/en\/treffen-der-welsfreunde-negast-2015\/\" \/>\n<meta property=\"og:site_name\" content=\"Southamerica fans\" \/>\n<meta property=\"article:published_time\" content=\"2015-04-19T16:56:20+00:00\" \/>\n<meta property=\"article:modified_time\" content=\"2017-03-27T04:31:40+00:00\" \/>\n<meta property=\"og:image\" content=\"https:\/\/www.suedamerikafans.de\/wp-content\/uploads\/2015\/04\/negast-jagdhof-2015.jpg\" \/>\n\t<meta property=\"og:image:width\" content=\"800\" \/>\n\t<meta property=\"og:image:height\" content=\"533\" \/>\n\t<meta property=\"og:image:type\" content=\"image\/jpeg\" \/>\n<meta name=\"author\" content=\"elko\" \/>\n<meta name=\"twitter:card\" content=\"summary_large_image\" \/>\n<meta name=\"twitter:label1\" content=\"Written by\" \/>\n\t<meta name=\"twitter:data1\" content=\"elko\" \/>\n\t<meta name=\"twitter:label2\" content=\"Est. reading time\" \/>\n\t<meta name=\"twitter:data2\" content=\"6 minutes\" \/>\n<script type=\"application\/ld+json\" class=\"yoast-schema-graph\">{\"@context\":\"https:\\\/\\\/schema.org\",\"@graph\":[{\"@type\":\"Article\",\"@id\":\"https:\\\/\\\/www.suedamerikafans.de\\\/en\\\/treffen-der-welsfreunde-negast-2015\\\/#article\",\"isPartOf\":{\"@id\":\"https:\\\/\\\/www.suedamerikafans.de\\\/en\\\/treffen-der-welsfreunde-negast-2015\\\/\"},\"author\":{\"name\":\"elko\",\"@id\":\"https:\\\/\\\/www.suedamerikafans.de\\\/en\\\/#\\\/schema\\\/person\\\/a12b5fd2644a8b700e5f1c1c6afc2e43\"},\"headline\":\"Treffen der Welsfreunde &#8211; Negast 2015\",\"datePublished\":\"2015-04-19T16:56:20+00:00\",\"dateModified\":\"2017-03-27T04:31:40+00:00\",\"mainEntityOfPage\":{\"@id\":\"https:\\\/\\\/www.suedamerikafans.de\\\/en\\\/treffen-der-welsfreunde-negast-2015\\\/\"},\"wordCount\":1293,\"commentCount\":0,\"publisher\":{\"@id\":\"https:\\\/\\\/www.suedamerikafans.de\\\/en\\\/#\\\/schema\\\/person\\\/a12b5fd2644a8b700e5f1c1c6afc2e43\"},\"image\":{\"@id\":\"https:\\\/\\\/www.suedamerikafans.de\\\/en\\\/treffen-der-welsfreunde-negast-2015\\\/#primaryimage\"},\"thumbnailUrl\":\"https:\\\/\\\/www.suedamerikafans.de\\\/wp-content\\\/uploads\\\/2015\\\/04\\\/negast-jagdhof-2015.jpg\",\"keywords\":[\"Acestrorhynchus falcatus\",\"Ageneiosus ucayalensis\",\"Agonostomus monti\",\"Analepsoides harttii\",\"Anchoviella carrikeri\",\"Ancistrus cirrhosus\",\"Ancistrus maracasae\",\"Andinocara pulcher\",\"Aphanotorulus unicolor\",\"Astynax bimaculatus\",\"Bujurquina cordemadi\",\"Callichthys callichthys\",\"Camegiella myersi\",\"Centromochlus perugiae\",\"Centromochlus reticulatus\",\"Centromochlus schultzi\",\"Cetopsis coecutiens\",\"Cetopsis orinoco\",\"Characidium rachovii\",\"Chasmocranus sp.\",\"Cichlasoma amazonarum\",\"Corydoras sp. C115\",\"Corydoras sp. CW40\",\"Corydoras sp. CW41\",\"Corydoras sp. CW62\",\"Corydoras sp. \u201eC116\u201c\",\"Corydoras sp. \u201eCW32\u201c\",\"Corydoras sp.aff. aeneus\",\"Crenicichla frenata\",\"Crenicichla semisincta\",\"Crossoloricaria bahuaja\",\"Crossoloricaria rhami\",\"Ctenogobius fasciatus\",\"Erythrinus erythrinus\",\"Harttiini\",\"Helogenes marmoratus\",\"Hemigrammus unilineatus\",\"Hemiloricaria wolfei.\",\"Hisonotus charrua\",\"Hoplosternum littorale\",\"Hyphessobrycon pando\",\"Hyphessobrycon sp.\",\"Hyphessobrycon taphorni\",\"Hypostomus robinii\",\"Iheringichthys labrosus\",\"Ituglanis amazonicus\",\"Ituglanis metae\",\"Jonga serrei\",\"Lamontichthys filamentosus\",\"Leporinus amae\",\"Loricariichthys anus\",\"Loricariina\",\"Loricariinae\",\"Loricariini\",\"Madre des D\u00edos\",\"Megalechis picta\",\"Moenkhausia dichroura\",\"Odontostilbe pulchra\",\"Otocinclus arnoldi\",\"Paragoniatates albumus\",\"Poecilia reticulata\",\"Potamorhaphis guianensis\",\"Pseudostegophilus nemurus\",\"Ramphichtys sp.\",\"R\u00edo Avispa\",\"R\u00edo Inambari\",\"R\u00edo Quarai\",\"R\u00edo Tucaaremb\u00f3\",\"Satanoperca jurupari\",\"Sorubim lima\",\"Squaliforma emarginata\",\"Sturisomina\",\"S\u00fcmpfe bei Santa Rita\",\"Tarpun atlanticus\",\"Tatia dunni\",\"Tatia galaxias\",\"Tatia gyrina\",\"Tatia intermedia\",\"Tatia musaica\",\"Trachelyichthys sp. \u201cJutai\u201d\",\"Trachelyopterichthys taeniatus\",\"Trachelyopterus galeatus\",\"Tridensimilis brevis\",\"Triportheus auritus\",\"Valencia River\",\"Welstreffen Negast\"],\"articleSection\":[\"Events\",\"Negast\"],\"inLanguage\":\"en-US\",\"potentialAction\":[{\"@type\":\"CommentAction\",\"name\":\"Comment\",\"target\":[\"https:\\\/\\\/www.suedamerikafans.de\\\/en\\\/treffen-der-welsfreunde-negast-2015\\\/#respond\"]}]},{\"@type\":\"WebPage\",\"@id\":\"https:\\\/\\\/www.suedamerikafans.de\\\/en\\\/treffen-der-welsfreunde-negast-2015\\\/\",\"url\":\"https:\\\/\\\/www.suedamerikafans.de\\\/en\\\/treffen-der-welsfreunde-negast-2015\\\/\",\"name\":\"Treffen der Welsfreunde - Negast 2015 -\",\"isPartOf\":{\"@id\":\"https:\\\/\\\/www.suedamerikafans.de\\\/en\\\/#website\"},\"primaryImageOfPage\":{\"@id\":\"https:\\\/\\\/www.suedamerikafans.de\\\/en\\\/treffen-der-welsfreunde-negast-2015\\\/#primaryimage\"},\"image\":{\"@id\":\"https:\\\/\\\/www.suedamerikafans.de\\\/en\\\/treffen-der-welsfreunde-negast-2015\\\/#primaryimage\"},\"thumbnailUrl\":\"https:\\\/\\\/www.suedamerikafans.de\\\/wp-content\\\/uploads\\\/2015\\\/04\\\/negast-jagdhof-2015.jpg\",\"datePublished\":\"2015-04-19T16:56:20+00:00\",\"dateModified\":\"2017-03-27T04:31:40+00:00\",\"description\":\"Welstreffen Negast 2015: Malaysia, Uruguay, Synodontis, Kopfsteher, Hexenwelse, Peru, Panda-Bergschmerle, Trinidad, Amphilius, Schwielenwelse\",\"breadcrumb\":{\"@id\":\"https:\\\/\\\/www.suedamerikafans.de\\\/en\\\/treffen-der-welsfreunde-negast-2015\\\/#breadcrumb\"},\"inLanguage\":\"en-US\",\"potentialAction\":[{\"@type\":\"ReadAction\",\"target\":[\"https:\\\/\\\/www.suedamerikafans.de\\\/en\\\/treffen-der-welsfreunde-negast-2015\\\/\"]}]},{\"@type\":\"ImageObject\",\"inLanguage\":\"en-US\",\"@id\":\"https:\\\/\\\/www.suedamerikafans.de\\\/en\\\/treffen-der-welsfreunde-negast-2015\\\/#primaryimage\",\"url\":\"https:\\\/\\\/www.suedamerikafans.de\\\/wp-content\\\/uploads\\\/2015\\\/04\\\/negast-jagdhof-2015.jpg\",\"contentUrl\":\"https:\\\/\\\/www.suedamerikafans.de\\\/wp-content\\\/uploads\\\/2015\\\/04\\\/negast-jagdhof-2015.jpg\",\"width\":800,\"height\":533},{\"@type\":\"BreadcrumbList\",\"@id\":\"https:\\\/\\\/www.suedamerikafans.de\\\/en\\\/treffen-der-welsfreunde-negast-2015\\\/#breadcrumb\",\"itemListElement\":[{\"@type\":\"ListItem\",\"position\":1,\"name\":\"Startseite\",\"item\":\"https:\\\/\\\/www.suedamerikafans.de\\\/en\\\/\"},{\"@type\":\"ListItem\",\"position\":2,\"name\":\"Treffen der Welsfreunde &#8211; Negast 2015\"}]},{\"@type\":\"WebSite\",\"@id\":\"https:\\\/\\\/www.suedamerikafans.de\\\/en\\\/#website\",\"url\":\"https:\\\/\\\/www.suedamerikafans.de\\\/en\\\/\",\"name\":\"S\u00fcdamerikafans\",\"description\":\"... and catfish fans\",\"publisher\":{\"@id\":\"https:\\\/\\\/www.suedamerikafans.de\\\/en\\\/#\\\/schema\\\/person\\\/a12b5fd2644a8b700e5f1c1c6afc2e43\"},\"potentialAction\":[{\"@type\":\"SearchAction\",\"target\":{\"@type\":\"EntryPoint\",\"urlTemplate\":\"https:\\\/\\\/www.suedamerikafans.de\\\/en\\\/?s={search_term_string}\"},\"query-input\":{\"@type\":\"PropertyValueSpecification\",\"valueRequired\":true,\"valueName\":\"search_term_string\"}}],\"inLanguage\":\"en-US\"},{\"@type\":[\"Person\",\"Organization\"],\"@id\":\"https:\\\/\\\/www.suedamerikafans.de\\\/en\\\/#\\\/schema\\\/person\\\/a12b5fd2644a8b700e5f1c1c6afc2e43\",\"name\":\"elko\",\"image\":{\"@type\":\"ImageObject\",\"inLanguage\":\"en-US\",\"@id\":\"https:\\\/\\\/www.suedamerikafans.de\\\/wp-content\\\/uploads\\\/2014\\\/08\\\/l163-600.jpg\",\"url\":\"https:\\\/\\\/www.suedamerikafans.de\\\/wp-content\\\/uploads\\\/2014\\\/08\\\/l163-600.jpg\",\"contentUrl\":\"https:\\\/\\\/www.suedamerikafans.de\\\/wp-content\\\/uploads\\\/2014\\\/08\\\/l163-600.jpg\",\"width\":1,\"height\":1,\"caption\":\"elko\"},\"logo\":{\"@id\":\"https:\\\/\\\/www.suedamerikafans.de\\\/wp-content\\\/uploads\\\/2014\\\/08\\\/l163-600.jpg\"}}]}<\/script>\n<!-- \/ Yoast SEO plugin. -->","yoast_head_json":{"title":"Treffen der Welsfreunde - Negast 2015 - S&uuml;damerikafans","description":"Welstreffen Negast 2015: Malaysia, Uruguay, Synodontis, Kopfsteher, Hexenwelse, Peru, Panda-Bergschmerle, Trinidad, Amphilius, Schwielenwelse","robots":{"index":"index","follow":"follow","max-snippet":"max-snippet:-1","max-image-preview":"max-image-preview:large","max-video-preview":"max-video-preview:-1"},"canonical":"https:\/\/www.suedamerikafans.de\/en\/treffen-der-welsfreunde-negast-2015\/","og_locale":"en_US","og_type":"article","og_title":"Treffen der Welsfreunde - Negast 2015 - S&uuml;damerikafans","og_description":"Welstreffen Negast 2015: Malaysia, Uruguay, Synodontis, Kopfsteher, Hexenwelse, Peru, Panda-Bergschmerle, Trinidad, Amphilius, Schwielenwelse","og_url":"https:\/\/www.suedamerikafans.de\/en\/treffen-der-welsfreunde-negast-2015\/","og_site_name":"Southamerica fans","article_published_time":"2015-04-19T16:56:20+00:00","article_modified_time":"2017-03-27T04:31:40+00:00","og_image":[{"width":800,"height":533,"url":"https:\/\/www.suedamerikafans.de\/wp-content\/uploads\/2015\/04\/negast-jagdhof-2015.jpg","type":"image\/jpeg"}],"author":"elko","twitter_card":"summary_large_image","twitter_misc":{"Written by":"elko","Est. reading time":"6 minutes"},"schema":{"@context":"https:\/\/schema.org","@graph":[{"@type":"Article","@id":"https:\/\/www.suedamerikafans.de\/en\/treffen-der-welsfreunde-negast-2015\/#article","isPartOf":{"@id":"https:\/\/www.suedamerikafans.de\/en\/treffen-der-welsfreunde-negast-2015\/"},"author":{"name":"elko","@id":"https:\/\/www.suedamerikafans.de\/en\/#\/schema\/person\/a12b5fd2644a8b700e5f1c1c6afc2e43"},"headline":"Treffen der Welsfreunde &#8211; Negast 2015","datePublished":"2015-04-19T16:56:20+00:00","dateModified":"2017-03-27T04:31:40+00:00","mainEntityOfPage":{"@id":"https:\/\/www.suedamerikafans.de\/en\/treffen-der-welsfreunde-negast-2015\/"},"wordCount":1293,"commentCount":0,"publisher":{"@id":"https:\/\/www.suedamerikafans.de\/en\/#\/schema\/person\/a12b5fd2644a8b700e5f1c1c6afc2e43"},"image":{"@id":"https:\/\/www.suedamerikafans.de\/en\/treffen-der-welsfreunde-negast-2015\/#primaryimage"},"thumbnailUrl":"https:\/\/www.suedamerikafans.de\/wp-content\/uploads\/2015\/04\/negast-jagdhof-2015.jpg","keywords":["Acestrorhynchus falcatus","Ageneiosus ucayalensis","Agonostomus monti","Analepsoides harttii","Anchoviella carrikeri","Ancistrus cirrhosus","Ancistrus maracasae","Andinocara pulcher","Aphanotorulus unicolor","Astynax bimaculatus","Bujurquina cordemadi","Callichthys callichthys","Camegiella myersi","Centromochlus perugiae","Centromochlus reticulatus","Centromochlus schultzi","Cetopsis coecutiens","Cetopsis orinoco","Characidium rachovii","Chasmocranus sp.","Cichlasoma amazonarum","Corydoras sp. C115","Corydoras sp. CW40","Corydoras sp. CW41","Corydoras sp. CW62","Corydoras sp. \u201eC116\u201c","Corydoras sp. \u201eCW32\u201c","Corydoras sp.aff. aeneus","Crenicichla frenata","Crenicichla semisincta","Crossoloricaria bahuaja","Crossoloricaria rhami","Ctenogobius fasciatus","Erythrinus erythrinus","Harttiini","Helogenes marmoratus","Hemigrammus unilineatus","Hemiloricaria wolfei.","Hisonotus charrua","Hoplosternum littorale","Hyphessobrycon pando","Hyphessobrycon sp.","Hyphessobrycon taphorni","Hypostomus robinii","Iheringichthys labrosus","Ituglanis amazonicus","Ituglanis metae","Jonga serrei","Lamontichthys filamentosus","Leporinus amae","Loricariichthys anus","Loricariina","Loricariinae","Loricariini","Madre des D\u00edos","Megalechis picta","Moenkhausia dichroura","Odontostilbe pulchra","Otocinclus arnoldi","Paragoniatates albumus","Poecilia reticulata","Potamorhaphis guianensis","Pseudostegophilus nemurus","Ramphichtys sp.","R\u00edo Avispa","R\u00edo Inambari","R\u00edo Quarai","R\u00edo Tucaaremb\u00f3","Satanoperca jurupari","Sorubim lima","Squaliforma emarginata","Sturisomina","S\u00fcmpfe bei Santa Rita","Tarpun atlanticus","Tatia dunni","Tatia galaxias","Tatia gyrina","Tatia intermedia","Tatia musaica","Trachelyichthys sp. \u201cJutai\u201d","Trachelyopterichthys taeniatus","Trachelyopterus galeatus","Tridensimilis brevis","Triportheus auritus","Valencia River","Welstreffen Negast"],"articleSection":["Events","Negast"],"inLanguage":"en-US","potentialAction":[{"@type":"CommentAction","name":"Comment","target":["https:\/\/www.suedamerikafans.de\/en\/treffen-der-welsfreunde-negast-2015\/#respond"]}]},{"@type":"WebPage","@id":"https:\/\/www.suedamerikafans.de\/en\/treffen-der-welsfreunde-negast-2015\/","url":"https:\/\/www.suedamerikafans.de\/en\/treffen-der-welsfreunde-negast-2015\/","name":"Treffen der Welsfreunde - Negast 2015 -","isPartOf":{"@id":"https:\/\/www.suedamerikafans.de\/en\/#website"},"primaryImageOfPage":{"@id":"https:\/\/www.suedamerikafans.de\/en\/treffen-der-welsfreunde-negast-2015\/#primaryimage"},"image":{"@id":"https:\/\/www.suedamerikafans.de\/en\/treffen-der-welsfreunde-negast-2015\/#primaryimage"},"thumbnailUrl":"https:\/\/www.suedamerikafans.de\/wp-content\/uploads\/2015\/04\/negast-jagdhof-2015.jpg","datePublished":"2015-04-19T16:56:20+00:00","dateModified":"2017-03-27T04:31:40+00:00","description":"Welstreffen Negast 2015: Malaysia, Uruguay, Synodontis, Kopfsteher, Hexenwelse, Peru, Panda-Bergschmerle, Trinidad, Amphilius, Schwielenwelse","breadcrumb":{"@id":"https:\/\/www.suedamerikafans.de\/en\/treffen-der-welsfreunde-negast-2015\/#breadcrumb"},"inLanguage":"en-US","potentialAction":[{"@type":"ReadAction","target":["https:\/\/www.suedamerikafans.de\/en\/treffen-der-welsfreunde-negast-2015\/"]}]},{"@type":"ImageObject","inLanguage":"en-US","@id":"https:\/\/www.suedamerikafans.de\/en\/treffen-der-welsfreunde-negast-2015\/#primaryimage","url":"https:\/\/www.suedamerikafans.de\/wp-content\/uploads\/2015\/04\/negast-jagdhof-2015.jpg","contentUrl":"https:\/\/www.suedamerikafans.de\/wp-content\/uploads\/2015\/04\/negast-jagdhof-2015.jpg","width":800,"height":533},{"@type":"BreadcrumbList","@id":"https:\/\/www.suedamerikafans.de\/en\/treffen-der-welsfreunde-negast-2015\/#breadcrumb","itemListElement":[{"@type":"ListItem","position":1,"name":"Startseite","item":"https:\/\/www.suedamerikafans.de\/en\/"},{"@type":"ListItem","position":2,"name":"Treffen der Welsfreunde &#8211; Negast 2015"}]},{"@type":"WebSite","@id":"https:\/\/www.suedamerikafans.de\/en\/#website","url":"https:\/\/www.suedamerikafans.de\/en\/","name":"S\u00fcdamerikafans","description":"... and catfish fans","publisher":{"@id":"https:\/\/www.suedamerikafans.de\/en\/#\/schema\/person\/a12b5fd2644a8b700e5f1c1c6afc2e43"},"potentialAction":[{"@type":"SearchAction","target":{"@type":"EntryPoint","urlTemplate":"https:\/\/www.suedamerikafans.de\/en\/?s={search_term_string}"},"query-input":{"@type":"PropertyValueSpecification","valueRequired":true,"valueName":"search_term_string"}}],"inLanguage":"en-US"},{"@type":["Person","Organization"],"@id":"https:\/\/www.suedamerikafans.de\/en\/#\/schema\/person\/a12b5fd2644a8b700e5f1c1c6afc2e43","name":"elko","image":{"@type":"ImageObject","inLanguage":"en-US","@id":"https:\/\/www.suedamerikafans.de\/wp-content\/uploads\/2014\/08\/l163-600.jpg","url":"https:\/\/www.suedamerikafans.de\/wp-content\/uploads\/2014\/08\/l163-600.jpg","contentUrl":"https:\/\/www.suedamerikafans.de\/wp-content\/uploads\/2014\/08\/l163-600.jpg","width":1,"height":1,"caption":"elko"},"logo":{"@id":"https:\/\/www.suedamerikafans.de\/wp-content\/uploads\/2014\/08\/l163-600.jpg"}}]}},"_links":{"self":[{"href":"https:\/\/www.suedamerikafans.de\/en\/wp-json\/wp\/v2\/posts\/24484","targetHints":{"allow":["GET"]}}],"collection":[{"href":"https:\/\/www.suedamerikafans.de\/en\/wp-json\/wp\/v2\/posts"}],"about":[{"href":"https:\/\/www.suedamerikafans.de\/en\/wp-json\/wp\/v2\/types\/post"}],"author":[{"embeddable":true,"href":"https:\/\/www.suedamerikafans.de\/en\/wp-json\/wp\/v2\/users\/1"}],"replies":[{"embeddable":true,"href":"https:\/\/www.suedamerikafans.de\/en\/wp-json\/wp\/v2\/comments?post=24484"}],"version-history":[{"count":0,"href":"https:\/\/www.suedamerikafans.de\/en\/wp-json\/wp\/v2\/posts\/24484\/revisions"}],"wp:featuredmedia":[{"embeddable":true,"href":"https:\/\/www.suedamerikafans.de\/en\/wp-json\/wp\/v2\/media\/24374"}],"wp:attachment":[{"href":"https:\/\/www.suedamerikafans.de\/en\/wp-json\/wp\/v2\/media?parent=24484"}],"wp:term":[{"taxonomy":"category","embeddable":true,"href":"https:\/\/www.suedamerikafans.de\/en\/wp-json\/wp\/v2\/categories?post=24484"},{"taxonomy":"post_tag","embeddable":true,"href":"https:\/\/www.suedamerikafans.de\/en\/wp-json\/wp\/v2\/tags?post=24484"}],"curies":[{"name":"wp","href":"https:\/\/api.w.org\/{rel}","templated":true}]}}