{"id":13380,"date":"2011-11-06T20:16:41","date_gmt":"2011-11-06T18:16:41","guid":{"rendered":"https:\/\/www.suedamerikafans.de\/2-internationale-l-wels-tage-tag-3-06-11-2011-2\/"},"modified":"2015-10-04T20:38:05","modified_gmt":"2015-10-04T18:38:05","slug":"2-internationale-l-wels-tage-tag-3-06-11-2011","status":"publish","type":"post","link":"https:\/\/www.suedamerikafans.de\/en\/2-internationale-l-wels-tage-tag-3-06-11-2011\/","title":{"rendered":"2. Internationale L-Wels-Tage &#8211; Tag 3 &#8211; 06.11.2011"},"content":{"rendered":"<p>Christian Cramer er\u00f6ffnete das Vortragsprogramm mit &#8220;Auf den Spuren ungew\u00f6hnlicher Harnischwelse durch Brasilien&#8221;<\/p>\n<p>[image title=&#8221;2. Internationale L-Wels-Tage- Jens Gottwald&#8221; align=&#8221;center&#8221; lightbox=&#8221;true&#8221; group=&#8221;&#8221; width=&#8221;0&#8243; height=&#8221;0&#8243; autoHeight=&#8221;true&#8221; link=&#8221;&#8221; frame=&#8221;false&#8221; underline=&#8221;true&#8221; link_class=&#8221;&#8221;]https:\/\/www.suedamerikafans.de\/wp-content\/uploads\/2014\/08\/3101.jpg[\/image]<\/p>\n<p>Zun\u00e4chst erkl\u00e4rte Chrisitian die verschiedenen Fangmethoden, die sie f\u00fcr ihre wissenschaftliche Arbeit einsetzen:<\/p>\n<ul>\n<li>Rahmenkecher<\/li>\n<li>Zugnetz<\/li>\n<li>Wurfnetz<\/li>\n<li>Kiemennetz<\/li>\n<li>Schleppnetz<\/li>\n<\/ul>\n<p>[image title=&#8221;2. Internationale L-Wels-Tage- Jens Gottwald&#8221; align=&#8221;center&#8221; lightbox=&#8221;true&#8221; group=&#8221;&#8221; width=&#8221;0&#8243; height=&#8221;0&#8243; autoHeight=&#8221;true&#8221; link=&#8221;&#8221; frame=&#8221;false&#8221; underline=&#8221;true&#8221; link_class=&#8221;&#8221;]https:\/\/www.suedamerikafans.de\/wp-content\/uploads\/2014\/08\/3103.jpg[\/image]<\/p>\n<p>Anschlie\u00dfend berichtete uns Christian Bilder von seinen Exkursionen in Brasilien. Dazu zeigte er uns viele Bilder von Habitaten .<\/p>\n<p>[image title=&#8221;2. Internationale L-Wels-Tage- Jens Gottwald&#8221; align=&#8221;center&#8221; lightbox=&#8221;true&#8221; group=&#8221;&#8221; width=&#8221;0&#8243; height=&#8221;0&#8243; autoHeight=&#8221;true&#8221; link=&#8221;&#8221; frame=&#8221;false&#8221; underline=&#8221;true&#8221; link_class=&#8221;&#8221;]https:\/\/www.suedamerikafans.de\/wp-content\/uploads\/2014\/08\/3105.jpg[\/image]<\/p>\n<p>Die Teilnehmer haben dem Vortrag aufmerksam gelauscht:<\/p>\n<p>[image title=&#8221;2. Internationale L-Wels-Tage- Jens Gottwald&#8221; align=&#8221;center&#8221; lightbox=&#8221;true&#8221; group=&#8221;&#8221; width=&#8221;0&#8243; height=&#8221;0&#8243; autoHeight=&#8221;true&#8221; link=&#8221;&#8221; frame=&#8221;false&#8221; underline=&#8221;true&#8221; link_class=&#8221;&#8221;]https:\/\/www.suedamerikafans.de\/wp-content\/uploads\/2014\/08\/3104.jpg[\/image]<\/p>\n<p>und Harnischwelsen, die sie gefangen haben.<\/p>\n<p>[image title=&#8221;2. Internationale L-Wels-Tage- Jens Gottwald&#8221; align=&#8221;center&#8221; lightbox=&#8221;true&#8221; group=&#8221;&#8221; width=&#8221;0&#8243; height=&#8221;0&#8243; autoHeight=&#8221;true&#8221; link=&#8221;&#8221; frame=&#8221;false&#8221; underline=&#8221;true&#8221; link_class=&#8221;&#8221;]https:\/\/www.suedamerikafans.de\/wp-content\/uploads\/2014\/08\/3102.jpg[\/image]<\/p>\n<p>Im zweiten Vortrag des Tages ging es um die &#8220;<strong>Zucht einiger seltener Hypancistrus-Arten<\/strong>&#8220;.<\/p>\n<p>[image title=&#8221;2. Internationale L-Wels-Tage- Jens Gottwald&#8221; align=&#8221;center&#8221; lightbox=&#8221;true&#8221; group=&#8221;&#8221; width=&#8221;0&#8243; height=&#8221;0&#8243; autoHeight=&#8221;true&#8221; link=&#8221;&#8221; frame=&#8221;false&#8221; underline=&#8221;true&#8221; link_class=&#8221;&#8221;]https:\/\/www.suedamerikafans.de\/wp-content\/uploads\/2014\/08\/3103.jpg[\/image]<\/p>\n<p>Ich fand es sehr beeindruckend, wie aktiv man doch in Norwegen bei der Haltung von Harnischwelsen ist.<\/p>\n<p>Danach wurde es schiefergrau auf der Leinwand.<\/p>\n<p>[image title=&#8221;2. Internationale L-Wels-Tage- Jens Gottwald&#8221; align=&#8221;center&#8221; lightbox=&#8221;true&#8221; group=&#8221;&#8221; width=&#8221;0&#8243; height=&#8221;0&#8243; autoHeight=&#8221;true&#8221; link=&#8221;&#8221; frame=&#8221;false&#8221; underline=&#8221;true&#8221; link_class=&#8221;&#8221;]https:\/\/www.suedamerikafans.de\/wp-content\/uploads\/2014\/08\/3301.jpg[\/image]<\/p>\n<p><strong>Sandor T\u00fcllmann<\/strong> teilte uns seine Erfahrungen bei der &#8220;<strong>Vermehrung von Zombie-Plecos (L70)<\/strong>&#8221; mit.<\/p>\n<p>[image title=&#8221;2. Internationale L-Wels-Tage- Jens Gottwald&#8221; align=&#8221;center&#8221; lightbox=&#8221;true&#8221; group=&#8221;&#8221; width=&#8221;0&#8243; height=&#8221;0&#8243; autoHeight=&#8221;true&#8221; link=&#8221;&#8221; frame=&#8221;false&#8221; underline=&#8221;true&#8221; link_class=&#8221;&#8221;]https:\/\/www.suedamerikafans.de\/wp-content\/uploads\/2014\/08\/3302.jpg[\/image]<\/p>\n<p>Die Nachzucht von <a href=\"https:\/\/www.suedamerikafans.de\/en\/wels-datenbank\/welsart\/?art=158\" target=\"_blank\"><span id=\"lk\">Hypanicistrus<\/span> sp. &#8220;L 70&#8221;<\/a> f\u00e4llt, wie bei den meisten anderen <em>Hypancistrus<\/em> nicht schwer.<br \/>\nDiese Art\/Form z\u00e4hlt aber sicherlich nicht zu den attraktivsten <em>Hypancistrus<\/em> und wird daher sehr selten in europ\u00e4ischen Aquarien gehalten.<br \/>\nUm so wichtiger erscheint es, dass Sandor sich dieser Aufgabe zur Erhaltung der Art\/Form in unseren Aquarien angenommen hat.<\/p>\n<p>[image title=&#8221;2. Internationale L-Wels-Tage- Jens Gottwald&#8221; align=&#8221;center&#8221; lightbox=&#8221;true&#8221; group=&#8221;&#8221; width=&#8221;0&#8243; height=&#8221;0&#8243; autoHeight=&#8221;true&#8221; link=&#8221;&#8221; frame=&#8221;false&#8221; underline=&#8221;true&#8221; link_class=&#8221;&#8221;]https:\/\/www.suedamerikafans.de\/wp-content\/uploads\/2014\/08\/3303.jpg[\/image]<\/p>\n<p>Nicht alle sehr sch\u00f6nen, interessanten Harnischwelse in S\u00fcdamerika haben auch eine L-Nummer.<br \/>\n<strong>Hans-Georg Evers<\/strong> Vortrag &#8220;<strong>Ohne L und trotzdem sch\u00f6n: <em>Hisonotus aky<\/em><\/strong>&#8221; stellte uns einen dieser Vertreter vor.<\/p>\n<p>[image title=&#8221;2. Internationale L-Wels-Tage- Jens Gottwald&#8221; align=&#8221;center&#8221; lightbox=&#8221;true&#8221; group=&#8221;&#8221; width=&#8221;0&#8243; height=&#8221;0&#8243; autoHeight=&#8221;true&#8221; link=&#8221;&#8221; frame=&#8221;false&#8221; underline=&#8221;true&#8221; link_class=&#8221;&#8221;]https:\/\/www.suedamerikafans.de\/wp-content\/uploads\/2014\/08\/3401.jpg[\/image]<\/p>\n<p>Besonders durch die gr\u00fcne F\u00e4rbung sticht die Art ins Auge.<\/p>\n<p>[image title=&#8221;2. Internationale L-Wels-Tage- Jens Gottwald&#8221; align=&#8221;center&#8221; lightbox=&#8221;true&#8221; group=&#8221;&#8221; width=&#8221;0&#8243; height=&#8221;0&#8243; autoHeight=&#8221;true&#8221; link=&#8221;&#8221; frame=&#8221;false&#8221; underline=&#8221;true&#8221; link_class=&#8221;&#8221;]https:\/\/www.suedamerikafans.de\/wp-content\/uploads\/2014\/08\/3402.jpg[\/image]<\/p>\n<p>Hans berichtet uns \u00fcber die Ursprungshabitate dieser Art und wie er anhand dieser Informationen die Art vermehren konnte.<br \/>\nEine Temperatur bei 22\u00b0C und kr\u00e4ftige Wasserwechsel waren offensichtlich der Schl\u00fcssel zum Erfolg.<\/p>\n<p>Bekannter sind bei uns dagegen die Sonnenwelse <a href=\"https:\/\/www.suedamerikafans.de\/en\/wels-datenbank\/welsart\/?art_lnr=14\" target=\"_blank\"><span id=\"lk\">Scobinancistrus aureatus<\/span> (L&nbsp;14)<\/a>.<br \/>\nIm Welsatlas 2 wurde bereits von der einmaligen erfolgreichen Vermehrung dieser Art berichtet. Die &#8220;<strong>Erfolgreiche Nachzucht des Sonnenwelses L 14 (<em>Scobinancistrus aureatus<\/em>) in Indonesien<\/strong>&#8221; gelang auch <strong>Rajanta Sinardja Rahardja<\/strong>.<\/p>\n<p>[image title=&#8221;2. Internationale L-Wels-Tage- Jens Gottwald&#8221; align=&#8221;center&#8221; lightbox=&#8221;true&#8221; group=&#8221;&#8221; width=&#8221;0&#8243; height=&#8221;0&#8243; autoHeight=&#8221;true&#8221; link=&#8221;&#8221; frame=&#8221;false&#8221; underline=&#8221;true&#8221; link_class=&#8221;&#8221;]https:\/\/www.suedamerikafans.de\/wp-content\/uploads\/2014\/08\/3501.jpg[\/image]<\/p>\n<p>Zun\u00e4chst berichtete uns Rajanta Sinardja Rahardja \u00fcber seine Fischfarm. F\u00fcr sich spricht da schon die Produktion &#8211; sorry, anders kann man das wohl nicht nennen &#8211; von ca. 200 <em>Hypancistrus zebra<\/em> (L 46) pro Monat.<\/p>\n<p>Rajanta Sinardja Rahardja stellte uns dann auch die Sonnenwelse etwas genauer vor.<br \/>\nBesonderes interessant erschien, dass er die Tiere &#8211; von wenigen Pfegezeiten abgesehen &#8211; in vollst\u00e4ndiger Dunkelheit h\u00e4lt.<\/p>\n<p>[image title=&#8221;2. Internationale L-Wels-Tage- Jens Gottwald&#8221; align=&#8221;center&#8221; lightbox=&#8221;true&#8221; group=&#8221;&#8221; width=&#8221;0&#8243; height=&#8221;0&#8243; autoHeight=&#8221;true&#8221; link=&#8221;&#8221; frame=&#8221;false&#8221; underline=&#8221;true&#8221; link_class=&#8221;&#8221;]https:\/\/www.suedamerikafans.de\/wp-content\/uploads\/2014\/08\/3502.jpg[\/image]<\/p>\n<p><strong>Andreas Tanke<\/strong>\u00a0gab abschlie\u00dfend noch einen &#8220;<strong>\u00dcberblick \u00fcber wichtiges Zubeh\u00f6r zur Zucht von L-Welsen<\/strong>&#8221;<\/p>\n<p>[image title=&#8221;2. Internationale L-Wels-Tage- Jens Gottwald&#8221; align=&#8221;center&#8221; lightbox=&#8221;true&#8221; group=&#8221;&#8221; width=&#8221;0&#8243; height=&#8221;0&#8243; autoHeight=&#8221;true&#8221; link=&#8221;&#8221; frame=&#8221;true&#8221; underline=&#8221;true&#8221; link_class=&#8221;&#8221;]https:\/\/www.suedamerikafans.de\/wp-content\/uploads\/2014\/08\/3601.jpg[\/image]<\/p>\n<p>Offensichtlich hat Andreas sich sehr viel Zeit genommen, die diversen Zubeh\u00f6rartikel f\u00fcr L-Welse von H\u00f6hlen bis Einh\u00e4ngek\u00e4sten genauer zu untersuchen und uns vorzustellen.<\/p>\n<p>[image title=&#8221;2. Internationale L-Wels-Tage- Jens Gottwald&#8221; align=&#8221;center&#8221; lightbox=&#8221;true&#8221; group=&#8221;&#8221; width=&#8221;0&#8243; height=&#8221;0&#8243; autoHeight=&#8221;true&#8221; link=&#8221;&#8221; frame=&#8221;false&#8221; underline=&#8221;true&#8221; link_class=&#8221;&#8221;]https:\/\/www.suedamerikafans.de\/wp-content\/uploads\/2014\/08\/3602.jpg[\/image]<\/p>\n<p>Damit war das Ende nah:<\/p>\n<p>[image title=&#8221;2. Internationale L-Wels-Tage- Jens Gottwald&#8221; align=&#8221;center&#8221; lightbox=&#8221;true&#8221; group=&#8221;&#8221; width=&#8221;0&#8243; height=&#8221;0&#8243; autoHeight=&#8221;true&#8221; link=&#8221;&#8221; frame=&#8221;false&#8221; underline=&#8221;true&#8221; link_class=&#8221;&#8221;]https:\/\/www.suedamerikafans.de\/wp-content\/uploads\/2014\/08\/3603.jpg[\/image]<\/p>\n<p>Ein gro\u00dfes Dankesch\u00f6n<\/p>\n<p>an Ellen und Wulf (links), die trotz interessanter Vortr\u00e4ge die Tageskasse hervorragend betreut haben<\/p>\n<p>[image title=&#8221;2. Internationale L-Wels-Tage- Jens Gottwald&#8221; align=&#8221;center&#8221; lightbox=&#8221;true&#8221; group=&#8221;&#8221; width=&#8221;0&#8243; height=&#8221;0&#8243; autoHeight=&#8221;true&#8221; link=&#8221;&#8221; frame=&#8221;false&#8221; underline=&#8221;true&#8221; link_class=&#8221;&#8221;]https:\/\/www.suedamerikafans.de\/wp-content\/uploads\/2014\/08\/3702.jpg[\/image]<\/p>\n<p>und an die Organisatoren der L-Wels-Tage Andreas Tanke und Ingo Seidel (rechts)<\/p>\n<p>Wir sehen uns sicherlich alle in 2 Jahren wieder.<\/p>\n<p>&nbsp;<\/p>\n<p>&nbsp;<\/p>\n","protected":false},"excerpt":{"rendered":"<p>Christian Cramer er\u00f6ffnete das Vortragsprogramm mit &#8220;Auf den Spuren ungew\u00f6hnlicher Harnischwelse durch Brasilien&#8221; [image title=&#8221;2. Internationale L-Wels-Tage- Jens Gottwald&#8221; align=&#8221;center&#8221; [&hellip;]<\/p>\n","protected":false},"author":1,"featured_media":10855,"comment_status":"closed","ping_status":"closed","sticky":false,"template":"","format":"standard","meta":{"om_disable_all_campaigns":false,"_monsterinsights_skip_tracking":false,"_monsterinsights_sitenote_active":false,"_monsterinsights_sitenote_note":"","_monsterinsights_sitenote_category":0,"ngg_post_thumbnail":0,"footnotes":""},"categories":[50],"tags":[],"class_list":["post-13380","post","type-post","status-publish","format-standard","has-post-thumbnail","hentry","category-events"],"yoast_head":"<!-- This site is optimized with the Yoast SEO plugin v27.3 - https:\/\/yoast.com\/product\/yoast-seo-wordpress\/ -->\n<title>2. Internationale L-Wels-Tage - Tag 3 - 06.11.2011 - S&uuml;damerikafans<\/title>\n<meta name=\"robots\" content=\"index, follow, max-snippet:-1, max-image-preview:large, max-video-preview:-1\" \/>\n<link rel=\"canonical\" href=\"https:\/\/www.suedamerikafans.de\/en\/2-internationale-l-wels-tage-tag-3-06-11-2011\/\" \/>\n<meta property=\"og:locale\" content=\"en_US\" \/>\n<meta property=\"og:type\" content=\"article\" \/>\n<meta property=\"og:title\" content=\"2. Internationale L-Wels-Tage - Tag 3 - 06.11.2011 - S&uuml;damerikafans\" \/>\n<meta property=\"og:description\" content=\"Christian Cramer er\u00f6ffnete das Vortragsprogramm mit &#8220;Auf den Spuren ungew\u00f6hnlicher Harnischwelse durch Brasilien&#8221; [image title=&#8221;2. Internationale L-Wels-Tage- Jens Gottwald&#8221; align=&#8221;center&#8221; [&hellip;]\" \/>\n<meta property=\"og:url\" content=\"https:\/\/www.suedamerikafans.de\/en\/2-internationale-l-wels-tage-tag-3-06-11-2011\/\" \/>\n<meta property=\"og:site_name\" content=\"Southamerica fans\" \/>\n<meta property=\"article:published_time\" content=\"2011-11-06T18:16:41+00:00\" \/>\n<meta property=\"article:modified_time\" content=\"2015-10-04T18:38:05+00:00\" \/>\n<meta property=\"og:image\" content=\"https:\/\/www.suedamerikafans.de\/wp-content\/uploads\/2014\/08\/3402.jpg\" \/>\n\t<meta property=\"og:image:width\" content=\"1\" \/>\n\t<meta property=\"og:image:height\" content=\"1\" \/>\n\t<meta property=\"og:image:type\" content=\"image\/jpeg\" \/>\n<meta name=\"author\" content=\"elko\" \/>\n<meta name=\"twitter:card\" content=\"summary_large_image\" \/>\n<meta name=\"twitter:label1\" content=\"Written by\" \/>\n\t<meta name=\"twitter:data1\" content=\"elko\" \/>\n\t<meta name=\"twitter:label2\" content=\"Est. reading time\" \/>\n\t<meta name=\"twitter:data2\" content=\"5 minutes\" \/>\n<script type=\"application\/ld+json\" class=\"yoast-schema-graph\">{\"@context\":\"https:\\\/\\\/schema.org\",\"@graph\":[{\"@type\":\"Article\",\"@id\":\"https:\\\/\\\/www.suedamerikafans.de\\\/en\\\/2-internationale-l-wels-tage-tag-3-06-11-2011\\\/#article\",\"isPartOf\":{\"@id\":\"https:\\\/\\\/www.suedamerikafans.de\\\/en\\\/2-internationale-l-wels-tage-tag-3-06-11-2011\\\/\"},\"author\":{\"name\":\"elko\",\"@id\":\"https:\\\/\\\/www.suedamerikafans.de\\\/en\\\/#\\\/schema\\\/person\\\/a12b5fd2644a8b700e5f1c1c6afc2e43\"},\"headline\":\"2. Internationale L-Wels-Tage &#8211; Tag 3 &#8211; 06.11.2011\",\"datePublished\":\"2011-11-06T18:16:41+00:00\",\"dateModified\":\"2015-10-04T18:38:05+00:00\",\"mainEntityOfPage\":{\"@id\":\"https:\\\/\\\/www.suedamerikafans.de\\\/en\\\/2-internationale-l-wels-tage-tag-3-06-11-2011\\\/\"},\"wordCount\":963,\"publisher\":{\"@id\":\"https:\\\/\\\/www.suedamerikafans.de\\\/en\\\/#\\\/schema\\\/person\\\/a12b5fd2644a8b700e5f1c1c6afc2e43\"},\"image\":{\"@id\":\"https:\\\/\\\/www.suedamerikafans.de\\\/en\\\/2-internationale-l-wels-tage-tag-3-06-11-2011\\\/#primaryimage\"},\"thumbnailUrl\":\"https:\\\/\\\/www.suedamerikafans.de\\\/wp-content\\\/uploads\\\/2014\\\/08\\\/3402.jpg\",\"articleSection\":[\"Events\"],\"inLanguage\":\"en-US\"},{\"@type\":\"WebPage\",\"@id\":\"https:\\\/\\\/www.suedamerikafans.de\\\/en\\\/2-internationale-l-wels-tage-tag-3-06-11-2011\\\/\",\"url\":\"https:\\\/\\\/www.suedamerikafans.de\\\/en\\\/2-internationale-l-wels-tage-tag-3-06-11-2011\\\/\",\"name\":\"2. Internationale L-Wels-Tage - Tag 3 - 06.11.2011 -\",\"isPartOf\":{\"@id\":\"https:\\\/\\\/www.suedamerikafans.de\\\/en\\\/#website\"},\"primaryImageOfPage\":{\"@id\":\"https:\\\/\\\/www.suedamerikafans.de\\\/en\\\/2-internationale-l-wels-tage-tag-3-06-11-2011\\\/#primaryimage\"},\"image\":{\"@id\":\"https:\\\/\\\/www.suedamerikafans.de\\\/en\\\/2-internationale-l-wels-tage-tag-3-06-11-2011\\\/#primaryimage\"},\"thumbnailUrl\":\"https:\\\/\\\/www.suedamerikafans.de\\\/wp-content\\\/uploads\\\/2014\\\/08\\\/3402.jpg\",\"datePublished\":\"2011-11-06T18:16:41+00:00\",\"dateModified\":\"2015-10-04T18:38:05+00:00\",\"breadcrumb\":{\"@id\":\"https:\\\/\\\/www.suedamerikafans.de\\\/en\\\/2-internationale-l-wels-tage-tag-3-06-11-2011\\\/#breadcrumb\"},\"inLanguage\":\"en-US\",\"potentialAction\":[{\"@type\":\"ReadAction\",\"target\":[\"https:\\\/\\\/www.suedamerikafans.de\\\/en\\\/2-internationale-l-wels-tage-tag-3-06-11-2011\\\/\"]}]},{\"@type\":\"ImageObject\",\"inLanguage\":\"en-US\",\"@id\":\"https:\\\/\\\/www.suedamerikafans.de\\\/en\\\/2-internationale-l-wels-tage-tag-3-06-11-2011\\\/#primaryimage\",\"url\":\"https:\\\/\\\/www.suedamerikafans.de\\\/wp-content\\\/uploads\\\/2014\\\/08\\\/3402.jpg\",\"contentUrl\":\"https:\\\/\\\/www.suedamerikafans.de\\\/wp-content\\\/uploads\\\/2014\\\/08\\\/3402.jpg\",\"caption\":\"2. L-Wels-Tage Hans-Georg Evers\"},{\"@type\":\"BreadcrumbList\",\"@id\":\"https:\\\/\\\/www.suedamerikafans.de\\\/en\\\/2-internationale-l-wels-tage-tag-3-06-11-2011\\\/#breadcrumb\",\"itemListElement\":[{\"@type\":\"ListItem\",\"position\":1,\"name\":\"Startseite\",\"item\":\"https:\\\/\\\/www.suedamerikafans.de\\\/en\\\/\"},{\"@type\":\"ListItem\",\"position\":2,\"name\":\"2. Internationale L-Wels-Tage &#8211; Tag 3 &#8211; 06.11.2011\"}]},{\"@type\":\"WebSite\",\"@id\":\"https:\\\/\\\/www.suedamerikafans.de\\\/en\\\/#website\",\"url\":\"https:\\\/\\\/www.suedamerikafans.de\\\/en\\\/\",\"name\":\"S\u00fcdamerikafans\",\"description\":\"... and catfish fans\",\"publisher\":{\"@id\":\"https:\\\/\\\/www.suedamerikafans.de\\\/en\\\/#\\\/schema\\\/person\\\/a12b5fd2644a8b700e5f1c1c6afc2e43\"},\"potentialAction\":[{\"@type\":\"SearchAction\",\"target\":{\"@type\":\"EntryPoint\",\"urlTemplate\":\"https:\\\/\\\/www.suedamerikafans.de\\\/en\\\/?s={search_term_string}\"},\"query-input\":{\"@type\":\"PropertyValueSpecification\",\"valueRequired\":true,\"valueName\":\"search_term_string\"}}],\"inLanguage\":\"en-US\"},{\"@type\":[\"Person\",\"Organization\"],\"@id\":\"https:\\\/\\\/www.suedamerikafans.de\\\/en\\\/#\\\/schema\\\/person\\\/a12b5fd2644a8b700e5f1c1c6afc2e43\",\"name\":\"elko\",\"image\":{\"@type\":\"ImageObject\",\"inLanguage\":\"en-US\",\"@id\":\"https:\\\/\\\/www.suedamerikafans.de\\\/wp-content\\\/uploads\\\/2014\\\/08\\\/l163-600.jpg\",\"url\":\"https:\\\/\\\/www.suedamerikafans.de\\\/wp-content\\\/uploads\\\/2014\\\/08\\\/l163-600.jpg\",\"contentUrl\":\"https:\\\/\\\/www.suedamerikafans.de\\\/wp-content\\\/uploads\\\/2014\\\/08\\\/l163-600.jpg\",\"width\":1,\"height\":1,\"caption\":\"elko\"},\"logo\":{\"@id\":\"https:\\\/\\\/www.suedamerikafans.de\\\/wp-content\\\/uploads\\\/2014\\\/08\\\/l163-600.jpg\"}}]}<\/script>\n<!-- \/ Yoast SEO plugin. -->","yoast_head_json":{"title":"2. Internationale L-Wels-Tage - Tag 3 - 06.11.2011 - S&uuml;damerikafans","robots":{"index":"index","follow":"follow","max-snippet":"max-snippet:-1","max-image-preview":"max-image-preview:large","max-video-preview":"max-video-preview:-1"},"canonical":"https:\/\/www.suedamerikafans.de\/en\/2-internationale-l-wels-tage-tag-3-06-11-2011\/","og_locale":"en_US","og_type":"article","og_title":"2. Internationale L-Wels-Tage - Tag 3 - 06.11.2011 - S&uuml;damerikafans","og_description":"Christian Cramer er\u00f6ffnete das Vortragsprogramm mit &#8220;Auf den Spuren ungew\u00f6hnlicher Harnischwelse durch Brasilien&#8221; [image title=&#8221;2. Internationale L-Wels-Tage- Jens Gottwald&#8221; align=&#8221;center&#8221; [&hellip;]","og_url":"https:\/\/www.suedamerikafans.de\/en\/2-internationale-l-wels-tage-tag-3-06-11-2011\/","og_site_name":"Southamerica fans","article_published_time":"2011-11-06T18:16:41+00:00","article_modified_time":"2015-10-04T18:38:05+00:00","og_image":[{"url":"https:\/\/www.suedamerikafans.de\/wp-content\/uploads\/2014\/08\/3402.jpg","width":1,"height":1,"type":"image\/jpeg"}],"author":"elko","twitter_card":"summary_large_image","twitter_misc":{"Written by":"elko","Est. reading time":"5 minutes"},"schema":{"@context":"https:\/\/schema.org","@graph":[{"@type":"Article","@id":"https:\/\/www.suedamerikafans.de\/en\/2-internationale-l-wels-tage-tag-3-06-11-2011\/#article","isPartOf":{"@id":"https:\/\/www.suedamerikafans.de\/en\/2-internationale-l-wels-tage-tag-3-06-11-2011\/"},"author":{"name":"elko","@id":"https:\/\/www.suedamerikafans.de\/en\/#\/schema\/person\/a12b5fd2644a8b700e5f1c1c6afc2e43"},"headline":"2. Internationale L-Wels-Tage &#8211; Tag 3 &#8211; 06.11.2011","datePublished":"2011-11-06T18:16:41+00:00","dateModified":"2015-10-04T18:38:05+00:00","mainEntityOfPage":{"@id":"https:\/\/www.suedamerikafans.de\/en\/2-internationale-l-wels-tage-tag-3-06-11-2011\/"},"wordCount":963,"publisher":{"@id":"https:\/\/www.suedamerikafans.de\/en\/#\/schema\/person\/a12b5fd2644a8b700e5f1c1c6afc2e43"},"image":{"@id":"https:\/\/www.suedamerikafans.de\/en\/2-internationale-l-wels-tage-tag-3-06-11-2011\/#primaryimage"},"thumbnailUrl":"https:\/\/www.suedamerikafans.de\/wp-content\/uploads\/2014\/08\/3402.jpg","articleSection":["Events"],"inLanguage":"en-US"},{"@type":"WebPage","@id":"https:\/\/www.suedamerikafans.de\/en\/2-internationale-l-wels-tage-tag-3-06-11-2011\/","url":"https:\/\/www.suedamerikafans.de\/en\/2-internationale-l-wels-tage-tag-3-06-11-2011\/","name":"2. Internationale L-Wels-Tage - Tag 3 - 06.11.2011 -","isPartOf":{"@id":"https:\/\/www.suedamerikafans.de\/en\/#website"},"primaryImageOfPage":{"@id":"https:\/\/www.suedamerikafans.de\/en\/2-internationale-l-wels-tage-tag-3-06-11-2011\/#primaryimage"},"image":{"@id":"https:\/\/www.suedamerikafans.de\/en\/2-internationale-l-wels-tage-tag-3-06-11-2011\/#primaryimage"},"thumbnailUrl":"https:\/\/www.suedamerikafans.de\/wp-content\/uploads\/2014\/08\/3402.jpg","datePublished":"2011-11-06T18:16:41+00:00","dateModified":"2015-10-04T18:38:05+00:00","breadcrumb":{"@id":"https:\/\/www.suedamerikafans.de\/en\/2-internationale-l-wels-tage-tag-3-06-11-2011\/#breadcrumb"},"inLanguage":"en-US","potentialAction":[{"@type":"ReadAction","target":["https:\/\/www.suedamerikafans.de\/en\/2-internationale-l-wels-tage-tag-3-06-11-2011\/"]}]},{"@type":"ImageObject","inLanguage":"en-US","@id":"https:\/\/www.suedamerikafans.de\/en\/2-internationale-l-wels-tage-tag-3-06-11-2011\/#primaryimage","url":"https:\/\/www.suedamerikafans.de\/wp-content\/uploads\/2014\/08\/3402.jpg","contentUrl":"https:\/\/www.suedamerikafans.de\/wp-content\/uploads\/2014\/08\/3402.jpg","caption":"2. L-Wels-Tage Hans-Georg Evers"},{"@type":"BreadcrumbList","@id":"https:\/\/www.suedamerikafans.de\/en\/2-internationale-l-wels-tage-tag-3-06-11-2011\/#breadcrumb","itemListElement":[{"@type":"ListItem","position":1,"name":"Startseite","item":"https:\/\/www.suedamerikafans.de\/en\/"},{"@type":"ListItem","position":2,"name":"2. Internationale L-Wels-Tage &#8211; Tag 3 &#8211; 06.11.2011"}]},{"@type":"WebSite","@id":"https:\/\/www.suedamerikafans.de\/en\/#website","url":"https:\/\/www.suedamerikafans.de\/en\/","name":"S\u00fcdamerikafans","description":"... and catfish fans","publisher":{"@id":"https:\/\/www.suedamerikafans.de\/en\/#\/schema\/person\/a12b5fd2644a8b700e5f1c1c6afc2e43"},"potentialAction":[{"@type":"SearchAction","target":{"@type":"EntryPoint","urlTemplate":"https:\/\/www.suedamerikafans.de\/en\/?s={search_term_string}"},"query-input":{"@type":"PropertyValueSpecification","valueRequired":true,"valueName":"search_term_string"}}],"inLanguage":"en-US"},{"@type":["Person","Organization"],"@id":"https:\/\/www.suedamerikafans.de\/en\/#\/schema\/person\/a12b5fd2644a8b700e5f1c1c6afc2e43","name":"elko","image":{"@type":"ImageObject","inLanguage":"en-US","@id":"https:\/\/www.suedamerikafans.de\/wp-content\/uploads\/2014\/08\/l163-600.jpg","url":"https:\/\/www.suedamerikafans.de\/wp-content\/uploads\/2014\/08\/l163-600.jpg","contentUrl":"https:\/\/www.suedamerikafans.de\/wp-content\/uploads\/2014\/08\/l163-600.jpg","width":1,"height":1,"caption":"elko"},"logo":{"@id":"https:\/\/www.suedamerikafans.de\/wp-content\/uploads\/2014\/08\/l163-600.jpg"}}]}},"_links":{"self":[{"href":"https:\/\/www.suedamerikafans.de\/en\/wp-json\/wp\/v2\/posts\/13380","targetHints":{"allow":["GET"]}}],"collection":[{"href":"https:\/\/www.suedamerikafans.de\/en\/wp-json\/wp\/v2\/posts"}],"about":[{"href":"https:\/\/www.suedamerikafans.de\/en\/wp-json\/wp\/v2\/types\/post"}],"author":[{"embeddable":true,"href":"https:\/\/www.suedamerikafans.de\/en\/wp-json\/wp\/v2\/users\/1"}],"replies":[{"embeddable":true,"href":"https:\/\/www.suedamerikafans.de\/en\/wp-json\/wp\/v2\/comments?post=13380"}],"version-history":[{"count":0,"href":"https:\/\/www.suedamerikafans.de\/en\/wp-json\/wp\/v2\/posts\/13380\/revisions"}],"wp:featuredmedia":[{"embeddable":true,"href":"https:\/\/www.suedamerikafans.de\/en\/wp-json\/wp\/v2\/media\/10855"}],"wp:attachment":[{"href":"https:\/\/www.suedamerikafans.de\/en\/wp-json\/wp\/v2\/media?parent=13380"}],"wp:term":[{"taxonomy":"category","embeddable":true,"href":"https:\/\/www.suedamerikafans.de\/en\/wp-json\/wp\/v2\/categories?post=13380"},{"taxonomy":"post_tag","embeddable":true,"href":"https:\/\/www.suedamerikafans.de\/en\/wp-json\/wp\/v2\/tags?post=13380"}],"curies":[{"name":"wp","href":"https:\/\/api.w.org\/{rel}","templated":true}]}}